{"id":30948,"date":"2026-08-19T01:16:47","date_gmt":"2026-08-19T01:16:47","guid":{"rendered":"https:\/\/remato.com\/blog\/arbetstid-och-lonehantering-inom-byggbranschen-en-komplett-guide-for-regelefterlevnad\/"},"modified":"2026-08-19T01:48:30","modified_gmt":"2026-08-19T01:48:30","slug":"arbetstid-och-lonehantering-inom-byggbranschen-en-komplett-guide-for-regelefterlevnad","status":"publish","type":"post","link":"https:\/\/remato.com\/sv\/blog\/arbetstid-och-lonehantering-inom-byggbranschen-en-komplett-guide-for-regelefterlevnad\/","title":{"rendered":"Arbetstid och l\u00f6nehantering inom byggbranschen: En komplett guide f\u00f6r regelefterlevnad"},"content":{"rendered":"\n<p class=\"wp-block-paragraph\">L\u00f6nehantering inom byggbranschen handlar s\u00e4llan om att bara multiplicera timmar med en timl\u00f6n.<\/p>\n\n<p class=\"wp-block-paragraph\">Ett enskilt projekt kan involvera en kund, en huvudentrepren\u00f6r, flera lager av underentrepren\u00f6rer, bemanningsf\u00f6retag, lokalanst\u00e4llda, utstationerade arbetstagare och egenf\u00f6retagare. Dessa arbetare kan flytta mellan olika byggplatser, arbeta enligt oregelbundna scheman, f\u00e5 olika typer av till\u00e4gg och omfattas av kollektivavtal f\u00f6r byggsektorn som ger f\u00f6rm\u00e5nligare villkor \u00e4n den allm\u00e4nna arbetsr\u00e4tten.<\/p>\n\n<p class=\"wp-block-paragraph\">Denna kombination g\u00f6r byggbranschen till en av de sv\u00e5raste industrierna n\u00e4r det g\u00e4ller att hantera arbetstid och l\u00f6ner korrekt.<\/p>\n\n<p class=\"wp-block-paragraph\">Den centrala fr\u00e5gan om regelefterlevnad \u00e4r inte bara:<\/p>\n\n<p class=\"wp-block-paragraph\">Hur m\u00e5nga timmar arbetade den h\u00e4r personen?<\/p>\n\n<p class=\"wp-block-paragraph\">Den \u00e4r:<\/p>\n\n<blockquote class=\"wp-block-quote is-layout-flow wp-block-quote-is-layout-flow\">\n<p class=\"wp-block-paragraph\">Vem anst\u00e4llde personen, vad var deras juridiska status, var arbetade de, vilken lag och vilket kollektivavtal till\u00e4mpades, hur fastst\u00e4lldes deras timmar, vad borde de ha f\u00e5tt betalt och kan varje utbetalt eller avdraget belopp bevisas?<\/p>\n<\/blockquote>\n\n<p class=\"wp-block-paragraph\">Ett tillf\u00f6rlitligt system f\u00f6r regelefterlevnad inom bygg b\u00f6r skapa ett sammanh\u00e4ngande bevisfl\u00f6de:<\/p>\n\n<p class=\"wp-block-paragraph\"><strong>arbetarstatus \u2192 anst\u00e4llningsvillkor \u2192 plats- och tidsrapporter \u2192 l\u00f6neklassificering \u2192 l\u00f6neber\u00e4kning \u2192 l\u00f6nespecifikation \u2192 betalning \u2192 skatte- och socialavgiftsrapportering<\/strong><\/p>\n\n<p class=\"wp-block-paragraph\">Denna guide f\u00f6rklarar det ramverk som arbetsgivare, huvudentrepren\u00f6rer och underentrepren\u00f6rer beh\u00f6ver f\u00f6rst\u00e5 vid hantering av arbetstid och l\u00f6ner inom europeisk byggverksamhet.<\/p>\n\n<p class=\"wp-block-paragraph\">Den fokuserar p\u00e5 principer inom EU och EES samt de operativa system som st\u00f6der regelefterlevnad. Exakta regler f\u00f6r anst\u00e4llning, l\u00f6ner, skatt, socialf\u00f6rs\u00e4kring, kollektivavtal, utstationering och arkivering av handlingar m\u00e5ste fortfarande kontrolleras i det land d\u00e4r arbetet utf\u00f6rs.<\/p>\n\n<div class=\"wp-block-rank-math-toc-block\" id=\"rank-math-toc\"><h2>Table of Contents<\/h2><nav><ul><li><a href=\"#the-legal-architecture-who-sets-the-rules\">Den juridiska arkitekturen \u2013 vem s\u00e4tter reglerna?<\/a><\/li><li><a href=\"#working-time-rules\">Regler f\u00f6r arbetstid<\/a><\/li><li><a href=\"#recording-hours-and-proving-them\">Att registrera och bevisa arbetstimmar<\/a><ul><li><a href=\"#what-a-compliant-record-shows\">Vad en korrekt tidrapport visar<\/a><\/li><li><a href=\"#real-time-digital-regimes\">Digitala system i realtid<\/a><\/li><li><a href=\"#the-multi-site-problem\">Problematiken med flera arbetsplatser<\/a><\/li><li><a href=\"#what-no-records-costs-you\">Vad avsaknad av dokumentation kostar er<\/a><\/li><\/ul><\/li><li><a href=\"#pay-and-payroll-fundamentals\">Grundl\u00e4ggande principer f\u00f6r l\u00f6n och l\u00f6nehantering<\/a><\/li><li><a href=\"#payroll-and-hours-calculation-a-worked-example\">Ber\u00e4kning av l\u00f6n och timmar \u2013 ett praktiskt exempel<\/a><ul><li><a href=\"#how-do-you-calculate-time-for-payroll\">Hur ber\u00e4knar man tid f\u00f6r l\u00f6nehantering?<\/a><\/li><\/ul><\/li><li><a href=\"#subcontractor-and-chain-liability\">Ansvar f\u00f6r underentrepren\u00f6rer och entrepren\u00f6rsansvar<\/a><\/li><li><a href=\"#collective-agreements-in-construction\">Kollektivavtal inom byggbranschen<\/a><\/li><li><a href=\"#building-your-compliance-system\">Att bygga ert system f\u00f6r regelefterlevnad<\/a><ul><li><a href=\"#from-approved-hours-to-payroll-reports-with-remato\">Fr\u00e5n godk\u00e4nda timmar till l\u00f6nerapporter med Remato<\/a><\/li><\/ul><\/li><li><a href=\"#country-toolkit\">Landsspecifik verktygsl\u00e5da<\/a><ul><li><a href=\"#minimum-wage-statutory-july-2026\">Minimil\u00f6n (lagstadgad, juli 2026)<\/a><\/li><li><a href=\"#time-recording-regime\">System f\u00f6r tidsredovisning<\/a><\/li><li><a href=\"#subcontractor-chain-liability-depth\">Omfattning av ansvar f\u00f6r underentrepren\u00f6rer<\/a><\/li><li><a href=\"#retention-cross-border-notes-verify-locally\">Arkivering &amp; gr\u00e4ns\u00f6verskridande anteckningar (verifiera lokalt)<\/a><\/li><\/ul><\/li><li><a href=\"#conclusion\">Slutsats<\/a><\/li><li><a href=\"#appendix-official-sources-and-further-reading\">Bilaga: Officiella k\u00e4llor och vidare l\u00e4sning<\/a><\/li><\/ul><\/nav><\/div>\n\n<h2 id=\"the-legal-architecture-who-sets-the-rules\" class=\"wp-block-heading\">Den juridiska arkitekturen \u2013 vem s\u00e4tter reglerna?<\/h2>\n\n<p class=\"wp-block-paragraph\">Den enskilt viktigaste insikten i detta \u00e4mne: Europeiska unionen reglerar <strong>inte<\/strong> er l\u00f6nehantering direkt. EU utf\u00e4rdar <em>direktiv<\/em>, som s\u00e4tter en l\u00e4gstaniv\u00e5 \u2013 en minimistandard. Varje medlemsstat skriver sedan sin egen bindande nationella lagstiftning f\u00f6r att n\u00e5 den niv\u00e5n, och \u00e4r fri att inf\u00f6ra str\u00e4ngare regler. S\u00e5 n\u00e4r ni fr\u00e5gar &#8221;vad \u00e4r det juridiska kravet?&#8221;, \u00e4r det \u00e4rliga svaret n\u00e4stan alltid: <em>det \u00e4r er nationella lag, som m\u00e5ste uppfylla eller \u00f6vertr\u00e4ffa EU:s miniminiv\u00e5.<\/em><\/p>\n\n<p class=\"wp-block-paragraph\">Tre praktiska konsekvenser f\u00f6ljer av detta: <\/p>\n\n<p class=\"wp-block-paragraph\"><strong>L\u00e4gstaniv\u00e5n \u00e4r gemensam, detaljerna \u00e4r lokala.<\/strong> Varje EU-land garanterar samma k\u00e4rnr\u00e4ttigheter \u2013 en begr\u00e4nsad arbetsvecka, daglig och veckovis vila, betald ledighet, tidsredovisning och ett l\u00f6negolv. Men siffrorna bakom dessa r\u00e4ttigheter (minimil\u00f6nen, hur m\u00e5nga \u00e5r ni m\u00e5ste spara dokumentation, hur l\u00e5ngt entrepren\u00f6rsansvaret str\u00e4cker sig) fastst\u00e4lls nationellt och skiljer sig markant. Tv\u00e5 l\u00e4nder som \u00e4r bundna av samma direktiv kan ha minimil\u00f6ner som skiljer sig med en faktor p\u00e5 tre.<\/p>\n\n<p class=\"wp-block-paragraph\"><strong>Regler som \u00e4r str\u00e4ngare \u00e4n miniminiv\u00e5n \u00e4r normalt inom bygg.<\/strong> L\u00e4nder l\u00e4gger rutinm\u00e4ssigt till byggspecifika regler ovanp\u00e5: elektronisk tidsredovisning i realtid, l\u00f6neansvar i hela kedjan och obligatoriska sektorsfonder. EU:s miniminiv\u00e5 \u00e4r s\u00e4llan taket i denna bransch.<\/p>\n\n<p class=\"wp-block-paragraph\"><strong>EES \u00e4r ocks\u00e5 en del av bilden.<\/strong> Norge, Island och Liechtenstein \u00e4r inte EU-medlemmar men tillh\u00f6r Europeiska ekonomiska samarbetsomr\u00e5det, och genom EES-avtalet antar de de flesta av samma arbetsr\u00e4ttsliga direktiv. Ett norskt projekt inneb\u00e4r skyldigheter som ser mycket lika ut som ett projekt inom EU.<\/p>\n\n<p class=\"wp-block-paragraph\"><strong>Den f\u00e4rdighet som detta avsnitt l\u00e4r ut<\/strong> \u00e4r en enda fr\u00e5ga som ni b\u00f6r kunna svara p\u00e5 f\u00f6r varje arbetare p\u00e5 varje byggplats: <em>givet denna person, p\u00e5 denna plats, i detta land \u2013 vems regler g\u00e4ller?<\/em> Svaret beror p\u00e5 var arbetet fysiskt utf\u00f6rs (v\u00e4rdlandets regler styr generellt villkoren p\u00e5 plats), om arbetaren \u00e4r &#8221;utstationerad&#8221; fr\u00e5n ett annat land (ett gr\u00e4ns\u00f6verskridande lager \u2013 avsnitt 6), och vilket kollektivavtal som t\u00e4cker yrket p\u00e5 den platsen (avsnitt 7). L\u00f6s den fr\u00e5gan f\u00f6rst. Allt annat h\u00e4rr\u00f6r fr\u00e5n den.<\/p>\n\n<p class=\"wp-block-paragraph\"><\/p>\n\n<h2 id=\"working-time-rules\" class=\"wp-block-heading\">Regler f\u00f6r arbetstid<\/h2>\n\n<p class=\"wp-block-paragraph\"><strong>EU:s arbetstidsdirektiv (2003\/88\/EG)<\/strong> s\u00e4tter den baslinje som nationell lagstiftning m\u00e5ste leverera. De huvudsakliga gr\u00e4nserna:<\/p>\n\n<figure class=\"wp-block-table\"><table class=\"has-fixed-layout\"><thead><tr><th>Krav<\/th><th>EU:s baslinje<\/th><\/tr><\/thead><tbody><tr><td>Maximal arbetsvecka<\/td><td><strong>48 timmar i genomsnitt<\/strong>, inklusive \u00f6vertid, under en ber\u00e4kningsperiod (vanligtvis upp till 4 m\u00e5nader, l\u00e4ngre om kollektivavtal till\u00e5ter)<\/td><\/tr><tr><td>Daglig vila<\/td><td>Minst <strong>11 sammanh\u00e4ngande timmar<\/strong> per 24-timmarsperiod<\/td><\/tr><tr><td>Veckovila<\/td><td>Minst <strong>24 oavbrutna timmar<\/strong>, ut\u00f6ver de dagliga 11 (\u224835 timmar) per 7-dagarsperiod<\/td><\/tr><tr><td>Raster<\/td><td>Kr\u00e4vs n\u00e4r arbetsdagen \u00f6verstiger <strong>sex timmar<\/strong>; varaktighet fastst\u00e4lls nationellt eller genom avtal<\/td><\/tr><tr><td>Betald \u00e5rlig semester<\/td><td>Minst <strong>fyra veckor per \u00e5r<\/strong><\/td><\/tr><tr><td>Nattarbete<\/td><td>Normalt inte mer \u00e4n i genomsnitt <strong>\u00e5tta timmar per 24-timmarsperiod<\/strong>, med h\u00e4lsoskydd<\/td><\/tr><\/tbody><\/table><\/figure>\n\n<p class=\"wp-block-paragraph\">Dessa \u00e4r de delar som \u00e4r l\u00e4tta att formulera. Sv\u00e5righeten inom byggbranschen ligger i gr\u00e4nsfallen.<\/p>\n\n<p class=\"wp-block-paragraph\"><strong>Ber\u00e4kningsperioder och s\u00e4songsgenomsnitt.<\/strong> Byggverksamhet \u00e4r s\u00e4songsbetonad och v\u00e4derberoende. Taket p\u00e5 48 timmar \u00e4r ett <em>genomsnitt<\/em>, s\u00e5 l\u00e5nga sommarveckor kan balanseras mot korta vinterveckor \u2013 men bara inom den ber\u00e4kningsperiod som er nationella lag eller kollektivavtal till\u00e5ter, och bara om ni faktiskt f\u00f6ljer det l\u00f6pande genomsnittet. Genomsnittsber\u00e4kning \u00e4r legitimt; att misslyckas med att \u00f6vervaka genomsnittet \u00e4r en \u00f6vertr\u00e4delse som v\u00e4ntar p\u00e5 att uppt\u00e4ckas.<\/p>\n\n<p class=\"wp-block-paragraph\"><strong>\u00d6vertid.<\/strong> Direktivet s\u00e4tter ett tak f\u00f6r totala timmar men \u00f6verl\u00e5ter \u00f6vertids<em>ers\u00e4ttning<\/em> till nationell lag och kollektivavtal. Det till\u00e4mpliga byggavtalet fastst\u00e4ller vanligtvis \u00f6vertidsfaktorn och n\u00e4r den tr\u00e4der i kraft (daglig tr\u00f6skel, veckotr\u00f6skel, helg, natt). Det \u00e4r h\u00e4r m\u00e5nga krav p\u00e5 utebliven l\u00f6n b\u00f6rjar, eftersom det \u00e4r l\u00e4tt att f\u00e5 startpunkten eller niv\u00e5n fel.<\/p>\n\n<p class=\"wp-block-paragraph\"><strong>Restid mellan byggplatser.<\/strong> En gr\u00e5zon. Tid som spenderas p\u00e5 resor <em>mellan<\/em> arbetsplatser under dagen r\u00e4knas generellt som arbetstid. Vanlig pendling fr\u00e5n hemmet till en fast arbetsplats g\u00f6r det generellt inte \u2013 men f\u00f6r r\u00f6rliga arbetstagare utan fast arbetsplats har r\u00e4ttspraxis behandlat dagens f\u00f6rsta och sista resor som arbetstid. Om era team r\u00f6r sig mellan olika platser kan detta flytta n\u00e5gon \u00f6ver 48-timmarsgr\u00e4nsen.<\/p>\n\n<p class=\"wp-block-paragraph\"><strong>Jourtid och beredskap.<\/strong> Huruvida jourtid r\u00e4knas beror p\u00e5 hur begr\u00e4nsad arbetstagaren \u00e4r. M\u00e5ste de stanna p\u00e5 platsen eller svara inom n\u00e5gra minuter? Vanligtvis arbetstid. Genuint fri tills de blir uppringda? Vanligtvis inte. Ju stramare tyglarna \u00e4r, desto mer sannolikt \u00e4r det att det r\u00e4knas.<\/p>\n\n<p class=\"wp-block-paragraph\"><strong>L\u00e5nga skift och arbete p\u00e5 annan ort.<\/strong> Rotationsarbete och m\u00f6nster f\u00f6r arbete borta fr\u00e5n hemmet m\u00e5ste fortfarande respektera daglig och veckovis vila, eller falla inom ett korrekt avtalat undantag. &#8221;Grabbarna ville jobba p\u00e5 s\u00e5 att de kunde \u00e5ka hem tidigt&#8221; \u00e4r inte ett f\u00f6rsvar om det bryter mot den obligatoriska vilan.<\/p>\n\n<p class=\"wp-block-paragraph\">Temat f\u00f6r allt detta: gr\u00e4nserna \u00e4r inte valfria, arbetstagare kan generellt inte avs\u00e4ga sig sina grundl\u00e4ggande r\u00e4ttigheter till vila, och bevisb\u00f6rdan f\u00f6r att ni h\u00e5llit er inom dem faller p\u00e5 er \u2013 vilket \u00e4r precis varf\u00f6r n\u00e4sta avsnitt \u00e4r s\u00e5 viktigt.<\/p>\n\n<h2 id=\"recording-hours-and-proving-them\" class=\"wp-block-heading\">Att registrera och bevisa arbetstimmar<\/h2>\n\n<p class=\"wp-block-paragraph\">Beh\u00f6ver ni verkligen sp\u00e5ra timmar och bevisa dem? Inom hela EU och EES, <strong>ja \u2013 utan undantag.<\/strong><\/p>\n\n<p class=\"wp-block-paragraph\">V\u00e4ndpunkten var en dom fr\u00e5n EU-domstolen 2019, <strong><em>CCOO mot Deutsche Bank<\/em> (C-55\/18)<\/strong>. Ett spanskt fackf\u00f6rbund h\u00e4vdade att utan en registrering av dagliga timmar fanns det inget s\u00e4tt att veta om gr\u00e4nserna f\u00f6r arbetstid och \u00f6vertid respekterades. Domstolen h\u00f6ll med: medlemsstaterna m\u00e5ste kr\u00e4va att arbetsgivare uppr\u00e4ttar ett <strong>objektivt, tillf\u00f6rlitligt och tillg\u00e4ngligt system som registrerar den dagliga arbetstiden f\u00f6r varje arbetstagare.<\/strong> Detta skydd kan inte f\u00f6rhandlas bort mot kostnader \u2013 ni m\u00e5ste ha systemet oavsett utgiften.<\/p>\n\n<p class=\"wp-block-paragraph\">Tv\u00e5 konsekvenser ligger nu bakom varje nationellt system:<\/p>\n\n<p class=\"wp-block-paragraph\"><strong>Bevisb\u00f6rdan ligger p\u00e5 arbetsgivaren.<\/strong> Om en arbetstagare h\u00e4vdar obetald \u00f6vertid eller ett brott mot vilotiden och ni inte har n\u00e5gon tillf\u00f6rlitlig dokumentation, r\u00e4knas avsaknaden av register <em>emot<\/em> er. &#8221;Vi sp\u00e5rade det inte&#8221; \u00e4r inte neutralt; det \u00e4r n\u00e4stan som att erk\u00e4nna punkten.<\/p>\n\n<p class=\"wp-block-paragraph\"><strong>Daglig registrering \u00e4r standarden<\/strong> \u2013 inte veckototaler eller loggar som endast visar avvikelser. Ni beh\u00f6ver starttider, sluttider, raster och totala timmar per arbetare per dag, i ett format som en inspekt\u00f6r eller domstol kan l\u00e4sa.<\/p>\n\n<h3 id=\"what-a-compliant-record-shows\" class=\"wp-block-heading\">Vad en korrekt tidrapport visar<\/h3>\n\n<p class=\"wp-block-paragraph\">Per arbetare, per dag, som minimum:<\/p>\n\n<ul class=\"wp-block-list\">\n<li>arbetarens identitet;<\/li>\n\n\n\n<li>arbetsgivare eller underentrepren\u00f6r;<\/li>\n\n\n\n<li>relevant byggplats eller projekt;<\/li>\n\n\n\n<li>kalenderdatum;<\/li>\n\n\n\n<li>faktiska start- och sluttider;<\/li>\n\n\n\n<li>raster;<\/li>\n\n\n\n<li>totala dagliga timmar;<\/li>\n\n\n\n<li>timmar f\u00f6r \u00f6vertid, natt, helg eller helgdag;<\/li>\n\n\n\n<li>korrigeringar och vem som auktoriserat dem.<\/li>\n<\/ul>\n\n<p class=\"wp-block-paragraph\">Det m\u00e5ste vara <strong>tillf\u00f6rlitligt<\/strong> (inte enkelt att redigera i efterhand), <strong>tillg\u00e4ngligt<\/strong> (m\u00f6jligt att ta fram n\u00e4r en inspekt\u00f6r eller arbetare fr\u00e5gar) och <strong>arkiverat<\/strong> under den period som er nationella lag kr\u00e4ver. Tidrapporter b\u00f6r godk\u00e4nnas regelbundet av b\u00e5de arbetare och arbetsledare, och senare \u00e4ndringar b\u00f6r f\u00f6rbli synliga snarare \u00e4n att skriva \u00f6ver originalet. En logg \u00f6ver inpassering p\u00e5 byggplatsen kan vara otillr\u00e4cklig \u2013 n\u00e4rvaro p\u00e5 plats \u00e4r inte alltid detsamma som betald arbetstid. Helst b\u00f6r systemet \u00e4ven flagga n\u00e4r n\u00e5gon n\u00e4rmar sig 48-timmarsgenomsnittet eller bryter mot en viloregel, s\u00e5 att problem kommer upp till ytan innan de blir till \u00f6vertr\u00e4delser.<\/p>\n\n<h3 id=\"real-time-digital-regimes\" class=\"wp-block-heading\">Digitala system i realtid<\/h3>\n\n<p class=\"wp-block-paragraph\">Flera l\u00e4nder har g\u00e5tt l\u00e5ngt ut\u00f6ver tidrapporter p\u00e5 papper:<\/p>\n\n<ul class=\"wp-block-list\">\n<li><strong>Grekland: det digitala arbetskortet Ergani II.<\/strong> Arbetare st\u00e4mplar in och ut elektroniskt och data flyter till statens Ergani-plattform i n\u00e4ra realtid. Ett av de str\u00e4ngaste systemen i Europa; avvikelser mellan det deklarerade schemat och faktiska inst\u00e4mplingar syns omedelbart.<\/li>\n\n\n\n<li><strong>Spanien: <em>registro de jornada<\/em>.<\/strong> En obligatorisk daglig tidsredovisning har varit lag sedan 2019 (kungligt dekret 8\/2019). Register m\u00e5ste sparas i <strong>fyra \u00e5r<\/strong> och g\u00f6ras tillg\u00e4ngliga f\u00f6r arbetstagare, deras f\u00f6retr\u00e4dare och arbetsinspektionen.<\/li>\n<\/ul>\n\n<p class=\"wp-block-paragraph\">Andra l\u00e4nder kr\u00e4ver robust dokumentation utan att f\u00f6reskriva en specifik plattform \u2013 men utvecklingen g\u00e5r tydligt mot digitala, manipuleringss\u00e4kra och alltmer realtidsbaserade system.<\/p>\n\n<h3 id=\"the-multi-site-problem\" class=\"wp-block-heading\">Problematiken med flera arbetsplatser<\/h3>\n\n<p class=\"wp-block-paragraph\">Den sv\u00e5raste praktiska utmaningen \u00e4r att st\u00e4mpla en arbetare som bes\u00f6ker flera platser under en dag. En fast v\u00e4ndkors vid en grind f\u00e5ngar inte upp det. Fungerande l\u00f6sningar: mobila\/geopositionerade inst\u00e4mplingsappar, inloggning per plats kopplad till ett centralt register, eller kortsystem som konsoliderar data \u00f6ver olika platser. Den v\u00e4sentliga punkten \u00e4r att <em>arbetarens totala dagliga timmar<\/em> f\u00e5ngas in korrekt oavsett hur m\u00e5nga platser som var involverade. Bygg systemet kring personens dag, inte kring en enskild grind.<\/p>\n\n<p class=\"wp-block-paragraph\">Det \u00e4r h\u00e4r specialbyggd programvara f\u00f6r byggbranschen kan ta bort mycket av det manuella arbetet mellan byggplatsen och l\u00f6nehanteringen.<\/p>\n\n<p class=\"wp-block-paragraph\"><a href=\"https:\/\/remato.com\/sv\/programvara-for-uppfoljning-av-byggtid\/\">Rematos tidsredovisning f\u00f6r bygg<\/a> g\u00f6r det m\u00f6jligt f\u00f6r arbetare att registrera sin arbetstid direkt fr\u00e5n f\u00e4ltet, medan chefer kan koppla dessa timmar till relevant projekt eller plats och granska tidrapporter centralt. GPS-baserad n\u00e4rvaroverifiering kan ocks\u00e5 ge ytterligare sammanhang kring var arbetstiden registrerades.<\/p>\n\n<p class=\"wp-block-paragraph\">F\u00f6r entrepren\u00f6rer som hanterar flera platser skapar detta ett mycket smidigare arbetsfl\u00f6de f\u00f6r <strong>tidsredovisning f\u00f6r l\u00f6ner<\/strong>:<\/p>\n\n<p class=\"wp-block-paragraph\"><strong>arbetaren st\u00e4mplar tid \u2192 timmar kopplas till platsen\/projektet \u2192 arbetsledaren granskar dem \u2192 godk\u00e4nda timmar blir tillg\u00e4ngliga f\u00f6r l\u00f6nehantering<\/strong><\/p>\n\n<p class=\"wp-block-paragraph\">Den kopplingen mellan <strong>l\u00f6nehantering och tidsredovisning<\/strong> \u00e4r viktig. L\u00f6neavdelningen ska inte beh\u00f6va rekonstruera en arbetares m\u00e5nad fr\u00e5n papperstidrapporter, WhatsApp-meddelanden, loggar fr\u00e5n grindar och kalkylblad. Ju n\u00e4rmare det godk\u00e4nda l\u00f6neunderlaget \u00e4r det ursprungliga registret fr\u00e5n byggplatsen, desto l\u00e4ttare \u00e4r det att identifiera saknade timmar, tveksamma poster och l\u00f6neavvikelser innan l\u00f6nerna betalas ut.<\/p>\n\n<p class=\"wp-block-paragraph\">Rematos guide, <a href=\"https:\/\/remato.com\/sv\/blog\/app-for-tidrapportering-inom-byggbranschen-fran-arbetsplats-till-kontor-hur-man-sparar-timmar-varje-vecka-med-battre-system\/\">Tidsredovisning inom bygg fr\u00e5n arbetsplats till kontor: Hur man sparar timmar varje vecka med b\u00e4ttre system<\/a>, utforskar detta arbetsfl\u00f6de mer i detalj, inklusive hur f\u00e4ltarbetare kan logga tid och raster digitalt och hur centraliserade register minskar det administrativa arbetet med att sammanst\u00e4lla tidrapporter.<\/p>\n\n<h3 id=\"what-no-records-costs-you\" class=\"wp-block-heading\">Vad avsaknad av dokumentation kostar er<\/h3>\n\n<p class=\"wp-block-paragraph\">I en tvist om l\u00f6n eller \u00f6vertid flyttar saknade register argumentationen till arbetstagarens redog\u00f6relse f\u00f6r sina timmar. Vid en inspektion \u00e4r saknade eller otillf\u00f6rlitliga register i sig ett brott, vilket leder till b\u00f6ter oberoende av vad som i \u00f6vrigt hittas, och i flera l\u00e4nder skalas dessa belopp efter antalet ber\u00f6rda arbetare. Bristf\u00e4llig dokumentation undergr\u00e4ver ocks\u00e5 alla andra f\u00f6rsvar ni kan t\u00e4nkas ha, inklusive f\u00f6rsvaret om tillb\u00f6rlig aktsamhet mot entrepren\u00f6rsansvar (avsnitt 6). Goda tidsregister \u00e4r fundamentet som resten av er regelefterlevnad vilar p\u00e5.<\/p>\n\n<h2 id=\"pay-and-payroll-fundamentals\" class=\"wp-block-heading\">Grundl\u00e4ggande principer f\u00f6r l\u00f6n och l\u00f6nehantering<\/h2>\n\n<p class=\"wp-block-paragraph\">Att f\u00e5 timmarna r\u00e4tt \u00e4r halva jobbet; att betala r\u00e4tt \u00e4r den andra halvan. Flera skyldigheter \u00f6verlappar h\u00e4r.<\/p>\n\n<p class=\"wp-block-paragraph\"><strong>Lagstadgad minimil\u00f6n kontra miniminiv\u00e5er i kollektivavtal.<\/strong> De flesta EU-l\u00e4nder har en lagstadgad minimil\u00f6n, men inom byggbranschen \u00e4r det ofta <em>inte<\/em> det bindande golvet. D\u00e4r ett kollektivavtal t\u00e4cker yrket \u2013 s\u00e4rskilt d\u00e4r det har gjorts allm\u00e4ngiltigt \u2013 till\u00e4mpas avtalets (vanligtvis h\u00f6gre) niv\u00e5. Ni m\u00e5ste betala det <strong>h\u00f6gre<\/strong> av den lagstadgade minimil\u00f6nen eller avtalsniv\u00e5n. En handfull l\u00e4nder \u2013 <strong>Finland, Sverige, Danmark, \u00d6sterrike, Italien och icke-EU-medlemmen Norge<\/strong> \u2013 har <em>ingen<\/em> lagstadgad minimil\u00f6n alls; d\u00e4r \u00e4r byggbranschens kollektivavtal l\u00f6negolvet, punkt slut.<\/p>\n\n<p class=\"wp-block-paragraph\"><strong>Vad som juridiskt r\u00e4knas in i minimil\u00f6nen och vad som inte g\u00f6r det.<\/strong> Det \u00e4r h\u00e4r underbetalning d\u00f6ljer sig. Miniminiv\u00e5n m\u00e5ste generellt uppfyllas genom <em>grundl\u00f6n f\u00f6r arbetade timmar<\/em>. Belopp som ers\u00e4tter arbetstagaren f\u00f6r kostnader f\u00f6r utstationeringen eller jobbet kan vanligtvis <strong>inte<\/strong> r\u00e4knas in i minimil\u00f6nen \u2013 traktamenten, verktygsers\u00e4ttning och pengar som dragits av eller debiterats f\u00f6r boende \u00e4r vanliga exempel. Att behandla ett resetill\u00e4gg som om det vore l\u00f6n, eller att dra av boendekostnader s\u00e5 att den faktiska l\u00f6nen hamnar under golvet, \u00e4r en klassisk v\u00e4g till ett konstaterande om underbetalning.<\/p>\n\n<p class=\"wp-block-paragraph\"><strong>\u00d6vertidsers\u00e4ttning, semesterl\u00f6n och till\u00e4gg.<\/strong> \u00d6vertid m\u00e5ste betalas enligt den ers\u00e4ttningsniv\u00e5 som fastst\u00e4llts i lag eller till\u00e4mpligt avtal. Betald semester m\u00e5ste vara genuint betald (i vissa l\u00e4nder via en sektorsfond \u2013 avsnitt 7). Till\u00e4gg som kr\u00e4vs enligt avtalet (plats, restid, m\u00e5ltid) \u00e4r avtalsenliga skyldigheter, inte valfria extraf\u00f6rm\u00e5ner.<\/p>\n\n<p class=\"wp-block-paragraph\"><strong>L\u00f6nespecifikationer och skriftliga villkor.<\/strong> <strong>Direktivet om tydliga och f\u00f6ruts\u00e4gbara arbetsvillkor (EU 2019\/1152)<\/strong> kr\u00e4ver att arbetstagare f\u00e5r skriftlig information om sina v\u00e4sentliga villkor, inklusive l\u00f6n, och nationell lag kr\u00e4ver specificerade l\u00f6nespecifikationer. L\u00f6nespecifikationen \u00e4r ett dokument f\u00f6r regelefterlevnad som m\u00e5ste visa hur l\u00f6nen \u00e4r uppbyggd \u2013 inte en artighet.<\/p>\n\n<p class=\"wp-block-paragraph\"><strong>Det kommande l\u00f6netransparensdirektivet (EU 2023\/970).<\/strong> Bindande fr\u00e5n <strong>juni 2026<\/strong>, l\u00e4gger detta till skyldigheter kring utl\u00e4mnande av l\u00f6neintervall vid rekrytering, ett f\u00f6rbud mot att fr\u00e5ga kandidater om deras l\u00f6nehistorik, anst\u00e4lldas r\u00e4tt till information om l\u00f6nekriterier och rapportering av l\u00f6neskillnader mellan k\u00f6nen f\u00f6r st\u00f6rre arbetsgivare. Det flyttar bevisb\u00f6rdan till arbetsgivaren i anspr\u00e5k om l\u00f6nediskriminering d\u00e4r skyldigheterna om transparens inte uppfyllts. \u00c4ven en medelstor entrepren\u00f6r b\u00f6r kartl\u00e4gga sina l\u00f6nestrukturer mot detta redan nu.<\/p>\n\n<h2 id=\"payroll-and-hours-calculation-a-worked-example\" class=\"wp-block-heading\">Ber\u00e4kning av l\u00f6n och timmar \u2013 ett praktiskt exempel<\/h2>\n\n<p class=\"wp-block-paragraph\">Det b\u00e4sta s\u00e4ttet att g\u00f6ra allt ovanst\u00e5ende konkret \u00e4r att k\u00f6ra en l\u00f6neber\u00e4kning fr\u00e5n timmar till netto. Siffrorna nedan \u00e4r <strong>illustrativa<\/strong> \u2013 exakta niv\u00e5er, tr\u00f6sklar och ordningsf\u00f6ljd skiljer sig \u00e5t mellan l\u00e4nder, s\u00e5 se detta som en modell f\u00f6r <em>metoden<\/em>, inte som en referenstabell.<\/p>\n\n<p class=\"wp-block-paragraph\"><strong>Scenario.<\/strong> En byggarbetare som f\u00e5r timl\u00f6n. Denna vecka arbetar de fem dagar:<\/p>\n\n<ul class=\"wp-block-list\">\n<li>Avtalad standard: 8 timmar\/dag, 40 timmar\/vecka.<\/li>\n\n\n\n<li>Faktiskt arbetat: <strong>45 timmar<\/strong> (5 timmars \u00f6vertid), eftersom tv\u00e5 dagar blev l\u00e5nga.<\/li>\n\n\n\n<li>Grundtiml\u00f6n: <strong>18,00 \u20ac<\/strong>.<\/li>\n\n\n\n<li>\u00d6vertidsers\u00e4ttning (fr\u00e5n kollektivavtalet): <strong>1,5\u00d7<\/strong> f\u00f6r timmar ut\u00f6ver 40\/vecka.<\/li>\n\n\n\n<li>Plats-\/resetill\u00e4gg: <strong>40 \u20ac<\/strong> f\u00f6r veckan (ers\u00e4tter resor mellan platser \u2013 r\u00e4knas <strong>inte<\/strong> in i minimil\u00f6nen, men betalas \u00e4nd\u00e5 ut).<\/li>\n<\/ul>\n\n<p class=\"wp-block-paragraph\"><strong>Steg 1: Verifiera timmar mot gr\u00e4nserna.<\/strong> 45 timmar p\u00e5 en vecka \u00e4r okej mot taket p\u00e5 48 timmar <em>f\u00f6r den veckan<\/em>, men kontrollera det l\u00f6pande genomsnittet \u00f6ver ber\u00e4kningsperioden och bekr\u00e4fta att den dagliga vilan (11 timmar) respekterades mellan de tv\u00e5 l\u00e5nga dagarna. Registrera allt; tidrapporten \u00e4r beviset.<\/p>\n\n<p class=\"wp-block-paragraph\"><strong>Steg 2: Bygg upp bruttol\u00f6nen.<\/strong><\/p>\n\n<figure class=\"wp-block-table\"><table class=\"has-fixed-layout\"><thead><tr><th>Komponent<\/th><th>Ber\u00e4kning<\/th><th>Belopp<\/th><\/tr><\/thead><tbody><tr><td>Standardtimmar<\/td><td>40 \u00d7 18,00 \u20ac<\/td><td>720,00 \u20ac<\/td><\/tr><tr><td>\u00d6vertidstimmar<\/td><td>5 \u00d7 (18,00 \u20ac \u00d7 1,5) = 5 \u00d7 27,00 \u20ac<\/td><td>135,00 \u20ac<\/td><\/tr><tr><td><strong>Bruttol\u00f6n f\u00f6r arbetade timmar<\/strong><\/td><td><\/td><td><strong>855,00 \u20ac<\/strong><\/td><\/tr><tr><td>Plats-\/resetill\u00e4gg<\/td><td><\/td><td>40,00 \u20ac<\/td><\/tr><tr><td><strong>Total brutto denna vecka<\/strong><\/td><td><\/td><td><strong>895,00 \u20ac<\/strong><\/td><\/tr><\/tbody><\/table><\/figure>\n\n<p class=\"wp-block-paragraph\">Av detta \u00e4r <strong>855,00 \u20ac<\/strong> den l\u00f6n som m\u00e5ste klara testet f\u00f6r minimil\u00f6n och avtalsniv\u00e5; till\u00e4gget p\u00e5 40 \u20ac r\u00e4knas inte in i det testet.<\/p>\n\n<p class=\"wp-block-paragraph\"><strong>Steg 3: Kontrollera golvet.<\/strong> Effektiv l\u00f6neniv\u00e5 = 855,00 \u20ac \u00f7 45 timmar = <strong>19,00 \u20ac\/timme<\/strong>. Bekr\u00e4fta att detta \u00e4r p\u00e5 eller \u00f6ver <em>b\u00e5de<\/em> den lagstadgade minimil\u00f6nen <em>och<\/em> den till\u00e4mpliga niv\u00e5n i byggavtalet f\u00f6r denna arbetares klassificering. Om avtalsniv\u00e5n f\u00f6r deras grad vore exempelvis 19,50 \u20ac, skulle ni underbetala och beh\u00f6va fylla upp \u2013 till\u00e4gget kan inte r\u00e4dda er.<\/p>\n\n<p class=\"wp-block-paragraph\"><strong>Steg 4: L\u00e4gg till semesterl\u00f6n \/ avgifter till sektorsfonder.<\/strong> Beroende p\u00e5 land tj\u00e4nas semesterl\u00f6n antingen in och betalas av er eller slussas genom en sektorsfond. I Nederl\u00e4nderna tj\u00e4nas ett semestertill\u00e4gg p\u00e5 8 % in ovanp\u00e5 bruttol\u00f6nen. I Tyskland g\u00e5r semesterl\u00f6nen genom <strong>SOKA-BAU<\/strong> med ungef\u00e4r <strong>15\u201316 % av bruttol\u00f6nen<\/strong> (avsnitt 7) \u2013 en arbetsgivarkostnad ni m\u00e5ste budgetera och betala in, \u00e4ven f\u00f6r utstationerade arbetstagare.<\/p>\n\n<p class=\"wp-block-paragraph\"><strong>Steg 5: Till\u00e4mpa arbetsgivaravgifter och skatter.<\/strong> Ovanp\u00e5 bruttol\u00f6nen \u00e4r arbetsgivaren skyldig att betala sociala avgifter och relaterade bidrag. Dessa varierar kraftigt: representativa arbetsgivaravgifter inom byggsektorn ligger ofta runt <strong>18\u201332 % av brutto<\/strong> (t.ex. Nederl\u00e4nderna ~18\u201322 %, Spanien ~30 %). S\u00e5 den <em>verkliga kostnaden f\u00f6r f\u00f6retaget<\/em> denna vecka \u00e4r inte 895 \u20ac \u2013 den \u00e4r ungef\u00e4r brutto + semesteravs\u00e4ttning + arbetsgivaravgifter, vilket kan driva den totala kostnaden <strong>25\u201345 % \u00f6ver den angivna bruttol\u00f6nen<\/strong>. Det \u00e4r denna &#8221;totala l\u00f6nekostnad&#8221; som b\u00f6r ligga till grund f\u00f6r era projektanbud.<\/p>\n\n<p class=\"wp-block-paragraph\"><strong>Steg 6: Dra av arbetstagarens avgifter och skatt f\u00f6r att n\u00e5 netto.<\/strong> Fr\u00e5n arbetarens brutto dras arbetstagarens socialf\u00f6rs\u00e4kringsavgifter och k\u00e4llskatt enligt nationella regler f\u00f6r att n\u00e5 nettol\u00f6nen. I l\u00e4nder med 14 utbetalningar, som Spanien och Grekland, sprids den \u00e5rliga siffran \u00f6ver 14 delbetalningar, vilket \u00e4ndrar den m\u00e5natliga kalkylen.<\/p>\n\n<p class=\"wp-block-paragraph\"><strong>Steg 7: Skapa l\u00f6nespecifikationen.<\/strong> Den m\u00e5ste specificera: standardtimmar och niv\u00e5, \u00f6vertidstimmar och niv\u00e5, till\u00e4gg, brutto, varje avdrag, arbetsgivaravgifter d\u00e4r de visas, samt netto.<\/p>\n\n<h3 id=\"how-do-you-calculate-time-for-payroll\" class=\"wp-block-heading\">Hur ber\u00e4knar man tid f\u00f6r l\u00f6nehantering?<\/h3>\n\n<p class=\"wp-block-paragraph\">F\u00f6r timanst\u00e4llda byggarbetare \u00e4r den praktiska processen att utg\u00e5 fr\u00e5n de godk\u00e4nda dagliga tidsregistren snarare \u00e4n det avtalade schemat.<\/p>\n\n<p class=\"wp-block-paragraph\">Summera f\u00f6rst arbetarens ordinarie timmar f\u00f6r l\u00f6neperioden. Separera sedan alla timmar som kr\u00e4ver annan hantering, s\u00e5som \u00f6vertid, nattarbete, helger, allm\u00e4nna helgdagar, betald restid eller andra premiumkategorier. Till\u00e4mpa r\u00e4tt niv\u00e5 eller faktor p\u00e5 varje kategori och l\u00e4gg till eventuella skattepliktiga till\u00e4gg eller annan ers\u00e4ttning.<\/p>\n\n<p class=\"wp-block-paragraph\">Enkelt uttryckt:<\/p>\n\n<blockquote class=\"wp-block-quote is-layout-flow wp-block-quote-is-layout-flow\">\n<p class=\"wp-block-paragraph\"><strong>godk\u00e4nda timmar \u00d7 till\u00e4mpliga niv\u00e5er + till\u00e4gg + ers\u00e4ttningar = bruttol\u00f6n<\/strong><\/p>\n<\/blockquote>\n\n<p class=\"wp-block-paragraph\">D\u00e4rifr\u00e5n till\u00e4mpas kr\u00e4vd skatt, socialf\u00f6rs\u00e4kringsavgifter och andra lagliga avdrag f\u00f6r att n\u00e5 nettol\u00f6nen.<\/p>\n\n<p class=\"wp-block-paragraph\">Det viktiga \u00e4r att <strong>rapportering av arbetade timmar<\/strong> och l\u00f6neber\u00e4kning anv\u00e4nder samma underliggande register. Om en arbetsledare godk\u00e4nner 45 timmar men l\u00f6neavdelningen behandlar 40, b\u00f6r avvikelsen identifieras f\u00f6re utbetalning snarare \u00e4n att uppt\u00e4ckas senare vid ett klagom\u00e5l fr\u00e5n en anst\u00e4lld eller en inspektion.<\/p>\n\n<p class=\"wp-block-paragraph\">Siffrorna ska alltid st\u00e4mma \u00f6verens:<\/p>\n\n<blockquote class=\"wp-block-quote is-layout-flow wp-block-quote-is-layout-flow\">\n<p class=\"wp-block-paragraph\"><strong>registrerade timmar \u00d7 till\u00e4mpliga l\u00f6neniv\u00e5er + till\u00e4gg \u2212 lagliga avdrag = nettobelopp som faktiskt betalats ut.<\/strong><\/p>\n<\/blockquote>\n\n<p class=\"wp-block-paragraph\">L\u00e4rdomen av att k\u00f6ra det hela v\u00e4gen: den angivna timl\u00f6nen \u00e4r bara en liten del av bilden. N\u00e4r \u00f6vertid triggas, vad som r\u00e4knas in i golvet, semester-\/fondbidrag och arbetsgivarens totala l\u00f6nekostnad \u00e4r d\u00e4r regelefterlevnad avg\u00f6rs \u2013 och d\u00e4r anbud priss\u00e4tts korrekt eller ruinerande.<\/p>\n\n<h2 id=\"subcontractor-and-chain-liability\" class=\"wp-block-heading\">Ansvar f\u00f6r underentrepren\u00f6rer och entrepren\u00f6rsansvar<\/h2>\n\n<p class=\"wp-block-paragraph\">Detta \u00e4r det avsnitt som h\u00e5ller huvudentrepren\u00f6rer vakna, och det med r\u00e4tta. Inom byggbranschen till\u00e5ter lagen en arbetare som inte f\u00e5tt betalt att v\u00e4nda sig <em>upp\u00e5t<\/em> i entreprenadkedjan.<\/p>\n\n<p class=\"wp-block-paragraph\"><strong>EU:s baslinje.<\/strong> Enligt <strong>till\u00e4mpningsdirektivet (2014\/67\/EU, artikel 12)<\/strong> m\u00e5ste varje medlemsstat f\u00f6r byggverksamhet s\u00e4kerst\u00e4lla att en utstationerad arbetstagare som inte f\u00e5r r\u00e4tt l\u00f6n av sin direkta arbetsgivare kan h\u00e5lla <strong>entrepren\u00f6ren ett steg upp<\/strong> ansvarig f\u00f6r bristen, ut\u00f6ver eller ist\u00e4llet f\u00f6r arbetsgivaren. Det \u00e4r det obligatoriska minimikravet. M\u00e5nga l\u00e4nder g\u00e5r l\u00e4ngre och kan g\u00f6ra en best\u00e4llare ansvarig f\u00f6r en underentrepren\u00f6rs obetalda minimil\u00f6ner, semesterfond- och socialf\u00f6rs\u00e4kringsavgifter, l\u00f6neskatter och sanktioner kopplade till odeklarerad arbetskraft.<\/p>\n\n<p class=\"wp-block-paragraph\"><strong>Hur djupt det str\u00e4cker sig varierar mellan l\u00e4nder:<\/strong><\/p>\n\n<figure class=\"wp-block-table\"><table class=\"has-fixed-layout\"><thead><tr><th>Land<\/th><th>Djup<\/th><th>Instrument<\/th><\/tr><\/thead><tbody><tr><td><strong>Tyskland<\/strong><\/td><td>Hela kedjan \u2013 <em>B\u00fcrgenhaftung<\/em> (borgensansvar); friskrivningsklausuler kan inte \u00e5sidos\u00e4tta det<\/td><td>AEntG<\/td><\/tr><tr><td><strong>Frankrike<\/strong><\/td><td>Hela underentrepren\u00f6rskedjan<\/td><td>Nationell lag<\/td><\/tr><tr><td><strong>\u00d6sterrike<\/strong><\/td><td>Str\u00e4cker sig till kunden, inte bara den direkta arbetsgivaren<\/td><td>Nationell lag<\/td><\/tr><tr><td><strong>Italien<\/strong><\/td><td>Solidariskt ansvar f\u00f6r best\u00e4llaren f\u00f6r l\u00f6ne- och socialf\u00f6rs\u00e4kringsskyldigheter; kan inte avtalas bort<\/td><td>Nationell lag<\/td><\/tr><tr><td><strong>Nederl\u00e4nderna<\/strong><\/td><td>Djupt kedjeansvar<\/td><td>WKA (skatt\/avgifter) + WAS (l\u00f6ner)<\/td><\/tr><tr><td><strong>Spanien<\/strong><\/td><td>Solidariskt ansvar, med begr\u00e4nsningar f\u00f6r antal led av underentrepren\u00f6rer<\/td><td>Art. 42 Arbetarstadgan + Ley 32\/2006<\/td><\/tr><tr><td><strong>Finland<\/strong><\/td><td>Aktsamhetskrav p\u00e5 den best\u00e4llande parten<\/td><td>Best\u00e4llaransvarslagen (<em>tilaajavastuulaki<\/em>)<\/td><\/tr><tr><td><strong>Norge<\/strong><\/td><td>Solidariskt ansvar f\u00f6r l\u00f6ner enligt allm\u00e4ngiltiga kollektivavtal<\/td><td><em>Solidaransvar<\/em><\/td><\/tr><\/tbody><\/table><\/figure>\n\n<p class=\"wp-block-paragraph\"><strong>F\u00f6rsvaret om tillb\u00f6rlig aktsamhet.<\/strong> I flera system kan en entrepren\u00f6r som ut\u00f6vat verklig tillb\u00f6rlig aktsamhet gentemot sina underentrepren\u00f6rer f\u00f6rsvara eller begr\u00e4nsa sitt ansvar. Det \u00e4r d\u00e4rf\u00f6r granskning inte bara \u00e4r att bocka av en ruta \u2013 det \u00e4r ert faktiska skydd. Men notera den tyska l\u00e4rdomen: i vissa l\u00e4nder \u00e4r det lagstadgade ansvaret n\u00e4stan strikt, och en avtalsklausul som s\u00e4ger &#8221;underentrepren\u00f6ren h\u00e5ller oss skadesl\u00f6sa&#8221; kommer <em>inte<\/em> att r\u00e4dda er. Ta reda p\u00e5 vilken typ av system ni befinner er i.<\/p>\n\n<p class=\"wp-block-paragraph\"><strong>Avtalsklausuler \u2013 vad som fungerar och vad som inte g\u00f6r det.<\/strong> Klausuler om skadesl\u00f6shet och vidarebefordran av villkor \u00e4r v\u00e4rda att ha (de l\u00e5ter er kr\u00e4va ers\u00e4ttning <em>fr\u00e5n<\/em> underentrepren\u00f6ren, om denne fortfarande \u00e4r solvent), men de utsl\u00e4cker <strong>inte<\/strong> ert ansvar <em>gentemot arbetaren eller staten<\/em> d\u00e4r lagen g\u00f6r det oavvisligt. Klausuler som verkligen hj\u00e4lper \u00e4r de som ger er <em>kontroll och bevis<\/em>: r\u00e4tt att se underentrepren\u00f6rens l\u00f6ne- och tidsregister, att kr\u00e4va bevis p\u00e5 l\u00f6neutbetalning och inbetalning av sociala avgifter innan ni betalar ut ers\u00e4ttning, att genomf\u00f6ra revisioner samt att h\u00e5lla inne betalning eller h\u00e4va avtalet vid bristande efterlevnad.<\/p>\n\n<p class=\"wp-block-paragraph\"><strong>En praktisk granskningsprocess.<\/strong><\/p>\n\n<p class=\"wp-block-paragraph\"><em>Innan ni anlitar en underentrepren\u00f6r:<\/em><\/p>\n\n<ul class=\"wp-block-list\">\n<li>verifiera dess juridiska registrering, skatte- och socialf\u00f6rs\u00e4kringsstatus samt handelshistorik;<\/li>\n\n\n\n<li>bekr\u00e4fta giltiga A1-intyg f\u00f6r alla utstationerade arbetstagare;<\/li>\n\n\n\n<li>kontrollera f\u00f6retaget mot de register f\u00f6r regelefterlevnad som ert land tillhandah\u00e5ller (Finlands <em>tilaajavastuu<\/em>-kontroller \u00e4r ett formellt exempel);<\/li>\n\n\n\n<li>bekr\u00e4fta till\u00e4mpligt kollektivavtal och l\u00f6neniv\u00e5er;<\/li>\n\n\n\n<li>h\u00e4mta den f\u00f6rv\u00e4ntade personallistan, arbetstillst\u00e5nd\/uppeh\u00e5llsr\u00e4tt, utstationeringsdeklarationer och l\u00f6neklassificeringar.<\/li>\n<\/ul>\n\n<p class=\"wp-block-paragraph\"><em>Under projektets g\u00e5ng:<\/em><\/p>\n\n<ul class=\"wp-block-list\">\n<li>kr\u00e4v periodiska bevis p\u00e5 l\u00f6neutbetalning och inbetalning av avgifter;<\/li>\n\n\n\n<li>koppla betalningsmilstolpar till dessa bevis;<\/li>\n\n\n\n<li>f\u00f6r egna register \u00f6ver de kontroller ni utf\u00f6rt;<\/li>\n\n\n\n<li>agera p\u00e5 varningssignaler \u2013 arbetare som klagar p\u00e5 utebliven l\u00f6n, pl\u00f6tsliga f\u00f6r\u00e4ndringar i arbetsstyrkan, v\u00e4gran att visa upp register.<\/li>\n<\/ul>\n\n<p class=\"wp-block-paragraph\">Respektera dataskyddsregler genomg\u00e5ende: beg\u00e4r endast det som \u00e4r n\u00f6dv\u00e4ndigt, kontrollera \u00e5tkomst och spara inte \u00f6verdrivna m\u00e4ngder personliga l\u00f6neuppgifter. Dokumenterad, p\u00e5g\u00e5ende tillb\u00f6rlig aktsamhet \u00e4r b\u00e5de god operativ praxis och, d\u00e4r det \u00e4r tillg\u00e4ngligt, er juridiska sk\u00f6ld.<\/p>\n\n<h2 id=\"collective-agreements-in-construction\" class=\"wp-block-heading\">Kollektivavtal inom byggbranschen<\/h2>\n\n<p class=\"wp-block-paragraph\">I stora delar av Europa \u00e4r lagstiftningen bara halva historien \u2013 byggbranschens <strong>kollektivavtal<\/strong> fastst\u00e4ller de l\u00f6neniv\u00e5er, till\u00e4gg, \u00f6vertidsregler och villkor som faktiskt binder er.<\/p>\n\n<p class=\"wp-block-paragraph\"><strong>Kollektivavtal s\u00e4tter det verkliga golvet.<\/strong> D\u00e4r ett kollektivavtal f\u00f6r bygg g\u00e4ller, fastst\u00e4ller det vanligtvis minimil\u00f6n per arbetarklassificering (arbetare, yrkesarbetare, f\u00f6rman), plus platstill\u00e4gg, regler f\u00f6r restid, \u00f6vertidsfaktorer och ofta kompletterande f\u00f6rm\u00e5ner. Ni till\u00e4mpar det <strong>h\u00f6gre av lag eller avtal<\/strong> \u2013 den lagstadgade minimil\u00f6nen \u00e4r aldrig ett tak som ni kan anv\u00e4nda f\u00f6r att underbjuda en niv\u00e5 i ett kollektivavtal.<\/p>\n\n<p class=\"wp-block-paragraph\"><strong>Allm\u00e4ngiltiga avtal.<\/strong> I m\u00e5nga l\u00e4nder kan ett kollektivavtal f\u00f6r bygg f\u00f6rklaras <em>allm\u00e4ngiltigt<\/em> (<em>erga omnes<\/em>), vilket inneb\u00e4r att det g\u00e4ller f\u00f6r <strong>varje<\/strong> arbetsgivare inom yrket i det landet \u2013 inklusive utl\u00e4ndska f\u00f6retag som utstationerar arbetare \u2013 oavsett om de har skrivit under det eller tillh\u00f6r den undertecknande organisationen. Finland, Norge (<em>allmenngj\u00f8ring<\/em>), Nederl\u00e4nderna, Frankrike och andra anv\u00e4nder denna mekanism. Om ni \u00e4r verksamma i ett s\u00e5dant land \u00e4r &#8221;vi \u00e4r inte medlemmar i den organisationen&#8221; irrelevant: avtalet binder er \u00e4nd\u00e5.<\/p>\n\n<p class=\"wp-block-paragraph\"><strong>Sektorsfonder \u2013 exemplet SOKA-BAU.<\/strong> Vissa l\u00e4nder slussar byggarbetares semesterl\u00f6n, och ibland pensioner och utbildningsavgifter, genom dedikerade branschfonder snarare \u00e4n att l\u00e5ta dem stanna hos den enskilda arbetsgivaren. Det klassiska fallet \u00e4r Tysklands <strong>SOKA-BAU<\/strong>. Eftersom byggarbetare ofta byter platser och arbetsgivare och inte kan arbeta under vintern, poolar fonden semesterf\u00f6rm\u00e5ner s\u00e5 att de inte g\u00e5r f\u00f6rlorade. Varje arbetsgivare som utf\u00f6r byggarbete i Tyskland \u2013 <em>inklusive utl\u00e4ndska f\u00f6retag som utstationerar arbetare<\/em> \u2013 m\u00e5ste registrera sig och bidra med ungef\u00e4r <strong>15\u201316 % av bruttol\u00f6nen<\/strong> (semester- och yrkesutbildningsfonder; niv\u00e5n skiljer sig n\u00e5got mellan v\u00e4stra och \u00f6stra Tyskland). Den betalar ut m\u00e5nadsvis och ers\u00e4tter semesterl\u00f6n till arbetaren. Liknande fonder finns p\u00e5 andra h\u00e5ll: <strong>\u00d6sterrikes BUAK, Frankrikes CIBTP, Italiens Casse Edili<\/strong>, samt belgiska och danska motsvarigheter, med arrangemang f\u00f6r \u00f6msesidigt erk\u00e4nnande som kan undanta er om ni redan bidrar till en j\u00e4mf\u00f6rbar fond i hemlandet. Ov\u00e4ntade r\u00e4kningar fr\u00e5n SOKA-BAU \u00e4r en vanlig och dyr chock f\u00f6r f\u00f6retag som utstationerar arbetare och som inte budgeterat f\u00f6r dem.<\/p>\n\n<p class=\"wp-block-paragraph\"><strong>Hur man l\u00e4ser och till\u00e4mpar ett kollektivavtal.<\/strong> Identifiera r\u00e4tt avtal f\u00f6r yrket och platsen; hitta arbetarens klassificering och dess niv\u00e5; notera till\u00e4gg och \u00f6vertidsregler; kontrollera om det \u00e4r allm\u00e4ngiltigt (s\u00e5 att det g\u00e4ller oavsett medlemskap); och bekr\u00e4fta om en sektorsfond hanterar semester\/pension s\u00e5 att ni bidrar korrekt. Betala sedan alltid det h\u00f6gre av den niv\u00e5n eller den lagstadgade minimil\u00f6nen. Att l\u00e4sa avtalet fel \u2013 fel klassificering, missat till\u00e4gg, f\u00f6rbisedd fond \u2013 \u00e4r ett vanligt och kostsamt misstag.<\/p>\n\n<h2 id=\"building-your-compliance-system\" class=\"wp-block-heading\">Att bygga ert system f\u00f6r regelefterlevnad<\/h2>\n\n<p class=\"wp-block-paragraph\">Allt ovanst\u00e5ende blir verklighet f\u00f6rst om ni oms\u00e4tter det i praktiken.<\/p>\n\n<p class=\"wp-block-paragraph\"><strong>Dokument att spara \u2013 och hur l\u00e4nge.<\/strong> Bygg upp en dokumentupps\u00e4ttning som t\u00e4cker minst: anst\u00e4llningsavtal och skriftliga villkor; dagliga tidsregister; l\u00f6nespecifikationer och l\u00f6nejournaler; bevis p\u00e5 l\u00f6neutbetalning och inbetalning av sociala avgifter; A1-intyg och utstationeringsanm\u00e4lningar f\u00f6r gr\u00e4ns\u00f6verskridande arbetare; register \u00f6ver granskning av underentrepren\u00f6rer; samt korrespondens med kollektivavtalsparter\/sektorsfonder. Arkiveringstider fastst\u00e4lls nationellt och skiljer sig \u00e5t \u2013 Spanien kr\u00e4ver att tidsregister sparas i <strong>fyra \u00e5r<\/strong>; Polens arkivering av personal-\/l\u00f6nehandlingar str\u00e4cker sig till cirka ett <strong>decennium<\/strong>; arbetstidsregister p\u00e5 andra h\u00e5ll kan vara kortare, <strong>tv\u00e5 till tre \u00e5r<\/strong>. Vid tveksamhet, spara l\u00e4ngre, och bekr\u00e4fta den exakta perioden f\u00f6r varje land.<\/p>\n\n<p class=\"wp-block-paragraph\"><strong>En kalender f\u00f6r regelefterlevnad.<\/strong> Kartl\u00e4gg de \u00e5terkommande tidsfristerna: l\u00f6nek\u00f6rningar; socialf\u00f6rs\u00e4krings- och skatteanm\u00e4lningar; m\u00e5nadsrapporter och betalningar till sektorsfonder (SOKA-BAU:s m\u00e5natliga tidsfrister); utstationeringsanm\u00e4lningar innan gr\u00e4ns\u00f6verskridande team mobiliseras; datum f\u00f6r h\u00f6jning av minimil\u00f6n (de flesta l\u00e4nder varje januari, Nederl\u00e4nderna \u00e4ven i juli, Grekland runt april); samt periodiska omkontroller av underentrepren\u00f6rer. Missade tidsfrister \u00e4r \u00f6vertr\u00e4delser som kan undvikas.<\/p>\n\n<p class=\"wp-block-paragraph\"><strong>Beredskap f\u00f6r revision.<\/strong> Utg\u00e5 fr\u00e5n att en inspektion kan ske imorgon. Kan ni p\u00e5 beg\u00e4ran ta fram kontrakt, dagliga timmar f\u00f6r perioden, l\u00f6nespecifikationer och bevis p\u00e5 att de betalats korrekt f\u00f6r valfri namngiven arbetare \u2013 snabbt och l\u00e4sbart? Om det tar dagar av letande att f\u00e5 fram detta \u00e4r ni inte redo f\u00f6r en revision. Genomf\u00f6r regelbundna interna testk\u00f6rningar.<\/p>\n\n<p class=\"wp-block-paragraph\"><strong>Verktyg och programvara.<\/strong> Verkligheten med flera platser och flera jurisdiktioner \u00f6verm\u00e4ktigar kalkylblad efter en viss skala. Leta efter tidsredovisning som \u00e4r mobil, geopositionerad och manipuleringss\u00e4ker; l\u00f6nehantering som hanterar \u00f6vertidsregler, till\u00e4gg, bidrag till sektorsfonder och niv\u00e5er f\u00f6r flera l\u00e4nder; samt dokumenthantering som kopplar register till arbetare och plats. M\u00e5let \u00e4r ett system d\u00e4r ett korrekt register skapas automatiskt som en biprodukt av det normala arbetet, inte sammanst\u00e4lls f\u00f6r hand i efterhand.<\/p>\n\n<p class=\"wp-block-paragraph\"><strong>Vem \u00e4ger vad.<\/strong> Tilldela ansvar uttryckligen:<\/p>\n\n<ul class=\"wp-block-list\">\n<li><strong>Platschefer<\/strong> \u2013 korrekt daglig tidsregistrering och efterlevnad av vilotider p\u00e5 plats.<\/li>\n\n\n\n<li><strong>L\u00f6n\/HR<\/strong> \u2013 korrekt l\u00f6neber\u00e4kning, l\u00f6nespecifikationer, anm\u00e4lningar och arkivering.<\/li>\n\n\n\n<li><strong>Ink\u00f6p\/kommersiellt<\/strong> \u2013 granskning av underentrepren\u00f6rer och vidarebefordran av avtalsvillkor.<\/li>\n\n\n\n<li><strong>En namngiven ansvarig person<\/strong> \u2013 \u00f6vergripande regelefterlevnad och hantering av inspektioner.<\/li>\n<\/ul>\n\n<p class=\"wp-block-paragraph\">Ej tilldelat ansvar \u00e4r ej uppfyllt ansvar.<\/p>\n\n<h3 id=\"from-approved-hours-to-payroll-reports-with-remato\" class=\"wp-block-heading\">Fr\u00e5n godk\u00e4nda timmar till l\u00f6nerapporter med Remato<\/h3>\n\n<p class=\"wp-block-paragraph\">Ett digitalt tidsregister blir mer v\u00e4rdefullt n\u00e4r kontoret kan omvandla informationen till en anv\u00e4ndbar tidrapport eller rapport utan att mata in samma timmar igen.<\/p>\n\n<p class=\"wp-block-paragraph\">Remato kombinerar tidsredovisning f\u00f6r bygg med projekt- och uppgiftsinformation, vilket g\u00f6r det m\u00f6jligt f\u00f6r f\u00f6retag att se vem som arbetade, var de arbetade och hur l\u00e5ng tid arbetet tog. Dess funktioner f\u00f6r tidrapporter och rapportering kan sedan anv\u00e4ndas f\u00f6r att f\u00f6rbereda arbetstidsinformation f\u00f6r l\u00f6nehantering och granskning av projektkostnader.<\/p>\n\n<p class=\"wp-block-paragraph\">Detta \u00e4r s\u00e4rskilt anv\u00e4ndbart n\u00e4r ni beh\u00f6ver <strong>generera l\u00f6nerapporter<\/strong> f\u00f6r flera arbetare eller platser. Ist\u00e4llet f\u00f6r att be arbetsledare att p\u00e5 nytt ange veckototaler kan f\u00f6retaget f\u00f6rst granska de underliggande tidsrapporterna och sedan anv\u00e4nda den godk\u00e4nda informationen f\u00f6r l\u00f6nehantering.<\/p>\n\n<p class=\"wp-block-paragraph\">Oavsett om er interna terminologi \u00e4r <strong>skapa en l\u00f6nerapport<\/strong>, <strong>g\u00f6r l\u00f6nerapport<\/strong>, exportera tidrapporter eller f\u00f6rbered l\u00f6netimmar, b\u00f6r kontrollprincipen f\u00f6rbli densamma:<\/p>\n\n<blockquote class=\"wp-block-quote is-layout-flow wp-block-quote-is-layout-flow\">\n<p class=\"wp-block-paragraph\"><strong>Rapporten b\u00f6r genereras fr\u00e5n godk\u00e4nd arbetstidsdata \u2013 inte skapas separat ur minnet eller rekonstrueras manuellt vid l\u00f6neperiodens slut.<\/strong><\/p>\n<\/blockquote>\n\n<p class=\"wp-block-paragraph\">Detta f\u00f6rb\u00e4ttrar \u00e4ven granskningskedjan eftersom f\u00f6retaget kan sp\u00e5ra en l\u00f6nesiffra bak\u00e5t fr\u00e5n rapporten till arbetstagaren, projektet, datumen och de ursprungliga tidsregistreringarna.<\/p>\n\n<p class=\"wp-block-paragraph\">F\u00f6r ett praktiskt exempel p\u00e5 varf\u00f6r detta \u00e4r viktigt \u00f6ver flera projekt f\u00f6rklarar Rematos artikel <a href=\"https:\/\/remato.com\/sv\/blog\/hur-man-hanterar-flera-byggarbetsplatser-utan-att-vara-overallt\/\">Hur man hanterar flera byggarbetsplatser utan att vara \u00f6verallt<\/a> hur koppling av tid till platser och uppgifter ger chefer daglig insyn i vem som arbetade var och hur l\u00e4nge.<\/p>\n\n<p class=\"wp-block-paragraph\">F\u00f6r platser med op\u00e5litlig uppkoppling \u00e4r \u00e4ven guiden <a href=\"https:\/\/remato.com\/sv\/blog\/hur-tillforlitlig-programvara-for-tidsregistrering-offline-hjalper-byggnadsarbetare-att-halla-tidsplanen\/\">Hur p\u00e5litlig programvara f\u00f6r offline-tidrapportering hj\u00e4lper bygglag att h\u00e5lla schemat<\/a> relevant: arbetare kan registrera start och slut \u00e4ven utan en aktiv internetanslutning, och informationen synkroniseras n\u00e4r uppkopplingen \u00e5terkommer.<\/p>\n\n<h2 id=\"country-toolkit\" class=\"wp-block-heading\">Verktygsl\u00e5da f\u00f6r l\u00e4nder<\/h2>\n\n<p class=\"wp-block-paragraph\">Ensidiga referenser f\u00f6r de l\u00e4nder som omfattas h\u00e4r. <strong>Verifiera f\u00f6re anv\u00e4ndning<\/strong> \u2013 siffror \u00e4ndras och den avg\u00f6rande detaljen \u00e4r alltid den nuvarande nationella lagstiftningen. Minimil\u00f6nerna nedan avser l\u00e4get i juli 2026.<\/p>\n\n<figure class=\"wp-block-image size-full\"><img loading=\"lazy\" decoding=\"async\" width=\"1672\" height=\"941\" src=\"https:\/\/remato.com\/wp-content\/uploads\/2026\/08\/payroll-and-hours-in-construction_remato_1.png\" alt=\"L&#xF6;ner och timmar inom byggbranschen Remato 1\" class=\"wp-image-30939\" srcset=\"https:\/\/remato.com\/wp-content\/uploads\/2026\/08\/payroll-and-hours-in-construction_remato_1.png 1672w, https:\/\/remato.com\/wp-content\/uploads\/2026\/08\/payroll-and-hours-in-construction_remato_1-300x169.png 300w, https:\/\/remato.com\/wp-content\/uploads\/2026\/08\/payroll-and-hours-in-construction_remato_1-1024x576.png 1024w, https:\/\/remato.com\/wp-content\/uploads\/2026\/08\/payroll-and-hours-in-construction_remato_1-768x432.png 768w, https:\/\/remato.com\/wp-content\/uploads\/2026\/08\/payroll-and-hours-in-construction_remato_1-1536x864.png 1536w, https:\/\/remato.com\/wp-content\/uploads\/2026\/08\/payroll-and-hours-in-construction_remato_1-400x225.png 400w, https:\/\/remato.com\/wp-content\/uploads\/2026\/08\/payroll-and-hours-in-construction_remato_1-80x45.png 80w\" sizes=\"auto, (max-width: 1672px) 100vw, 1672px\" \/><\/figure>\n\n<h3 id=\"minimum-wage-statutory-july-2026\" class=\"wp-block-heading\">Minimil\u00f6n (lagstadgad, juli 2026)<\/h3>\n\n<figure class=\"wp-block-table\"><table class=\"has-fixed-layout\"><thead><tr><th>Land<\/th><th>Lagstadgat minimum<\/th><th>Anteckningar<\/th><\/tr><\/thead><tbody><tr><td>Estland<\/td><td>~946 \u20ac \/ m\u00e5nad<\/td><td>\u00d6verenskommet av arbetsmarknadens parter<\/td><\/tr><tr><td>Polen<\/td><td>4 806 PLN \/ m\u00e5nad (~1 139 \u20ac)<\/td><td>Fastst\u00e4lld f\u00f6r kalender\u00e5ret, ingen \u00e4ndring under \u00e5ret<\/td><\/tr><tr><td>Nederl\u00e4nderna<\/td><td>14,99 \u20ac \/ timme (fr\u00e5n 1 juli)<\/td><td>Endast timl\u00f6n sedan 2024; ~2 600 \u20ac\/m\u00e5n vid 40 timmar; indexeras om i jan &amp; juli<\/td><\/tr><tr><td>Spanien<\/td><td>1 221 \u20ac \/ m\u00e5nad \u00d7 14 utbetalningar (~1 424 \u20ac\/m\u00e5n, motsvarande 12 utbetalningar)<\/td><td>Kungligt dekret; Art. 27 Arbetarstadgan<\/td><\/tr><tr><td>Grekland<\/td><td>920 \u20ac \/ m\u00e5nad \u00d7 14 utbetalningar (~1 073 \u20ac\/m\u00e5n, motsvarande 12 utbetalningar)<\/td><td>H\u00f6jd 1 april 2026; m\u00e5l p\u00e5 ~950 \u20ac till 2027<\/td><\/tr><tr><td>Finland<\/td><td><strong>Ingen<\/strong><\/td><td>Kollektivavtal f\u00f6r byggbranschen fastst\u00e4ller l\u00f6nen<\/td><\/tr><tr><td>Norge<\/td><td><strong>Ingen<\/strong><\/td><td>EES; kollektivavtal f\u00f6r byggbranschen, allm\u00e4ngiltigt (<em>allmenngj\u00f8ring<\/em>)<\/td><\/tr><\/tbody><\/table><\/figure>\n\n<h3 id=\"time-recording-regime\" class=\"wp-block-heading\">System f\u00f6r tidsregistrering<\/h3>\n\n<figure class=\"wp-block-table\"><table class=\"has-fixed-layout\"><thead><tr><th>Land<\/th><th>System<\/th><th>Karakt\u00e4r<\/th><\/tr><\/thead><tbody><tr><td>Estland<\/td><td>Registrering enligt lagen om arbetsavtal<\/td><td>Standardregistrering; \u00f6vertid loggas<\/td><\/tr><tr><td>Polen<\/td><td><em>Ewidencja czasu pracy<\/em> (Arbetslagstiftningen)<\/td><td>Arbetstidsregistrering per anst\u00e4lld<\/td><\/tr><tr><td>Nederl\u00e4nderna<\/td><td>Arbetstidslagen (<em>Arbeidstijdenwet<\/em>)<\/td><td>Tillf\u00f6rlitlig registrering av timmar &amp; vila f\u00f6r inspektionen<\/td><\/tr><tr><td>Spanien<\/td><td><em>Registro de jornada<\/em><\/td><td>Obligatorisk daglig registrering; sparas i 4 \u00e5r; tillg\u00e4nglig f\u00f6r inspekt\u00f6rer &amp; fackf\u00f6rbund<\/td><\/tr><tr><td>Grekland<\/td><td>Ergani II digitalt arbetskort<\/td><td>Elektronisk in- och utst\u00e4mpling i realtid till den statliga plattformen<\/td><\/tr><tr><td>Finland<\/td><td><em>Ty\u00f6aikakirjanpito<\/em> (Arbetstidslagen)<\/td><td>Arbetstidsregistrering per anst\u00e4lld<\/td><\/tr><tr><td>Norge<\/td><td>Arbetsmilj\u00f6lagen \u00a710-7<\/td><td>\u00d6versikt \u00f6ver timmar tillg\u00e4nglig f\u00f6r Arbeidstilsynet<\/td><\/tr><\/tbody><\/table><\/figure>\n\n<h3 id=\"subcontractor-chain-liability-depth\" class=\"wp-block-heading\">Underentrepren\u00f6r \/ kedjeansvar<\/h3>\n\n<figure class=\"wp-block-table\"><table class=\"has-fixed-layout\"><thead><tr><th>Land<\/th><th>Djup<\/th><th>Instrument<\/th><\/tr><\/thead><tbody><tr><td>Estland<\/td><td>Kring EU:s miniminiv\u00e5 (ett steg upp f\u00f6r utstationerade arbetstagare)<\/td><td>Inf\u00f6rlivande av utstationeringsdirektivet<\/td><\/tr><tr><td>Polen<\/td><td>Investerar- \/ huvudentrepren\u00f6rsansvar f\u00f6r underentrepren\u00f6rers ers\u00e4ttning<\/td><td>Civillagen + inf\u00f6rlivande av utstationeringsdirektivet<\/td><\/tr><tr><td>Nederl\u00e4nderna<\/td><td>Djupt kedjeansvar<\/td><td>WKA (skatt\/avgifter) + WAS (l\u00f6ner)<\/td><\/tr><tr><td>Spanien<\/td><td>Solidariskt ansvar, med niv\u00e5begr\u00e4nsningar<\/td><td>Art. 42 Arbetarstadgan + Ley 32\/2006<\/td><\/tr><tr><td>Grekland<\/td><td>Solidariskt ansvar f\u00f6r underentrepren\u00f6rers l\u00f6ne-\/avgiftsskyldigheter<\/td><td>Civil-\/arbetsr\u00e4tt + inf\u00f6rlivande av utstationeringsdirektivet<\/td><\/tr><tr><td>Finland<\/td><td>Aktsamhetskrav p\u00e5 den best\u00e4llande parten<\/td><td>Best\u00e4llaransvarslagen (<em>tilaajavastuulaki<\/em>)<\/td><\/tr><tr><td>Norge<\/td><td>Solidariskt ansvar f\u00f6r l\u00f6ner enligt bindande kollektivavtal<\/td><td><em>Solidaransvar<\/em><\/td><\/tr><\/tbody><\/table><\/figure>\n\n<h3 id=\"retention-cross-border-notes-verify-locally\" class=\"wp-block-heading\">Arkivering &amp; gr\u00e4ns\u00f6verskridande anteckningar (verifiera lokalt)<\/h3>\n\n<figure class=\"wp-block-table\"><table class=\"has-fixed-layout\"><thead><tr><th>Land<\/th><th>Arkivering av uppgifter (typiskt)<\/th><th>Viktigt vid utstationering \/ anm\u00e4lan<\/th><\/tr><\/thead><tbody><tr><td>Estland<\/td><td>~3\u20137 \u00e5r (l\u00f6neuppgifter l\u00e4ngre)<\/td><td>A1 + utstationeringsanm\u00e4lan till arbetsmarknadsmyndigheten<\/td><\/tr><tr><td>Polen<\/td><td>Personal\/l\u00f6n upp till ~10 \u00e5r<\/td><td>A1 + anm\u00e4lan till den statliga arbetsinspektionen (PIP)<\/td><\/tr><tr><td>Nederl\u00e4nderna<\/td><td>Vanligtvis ~5\u20137 \u00e5r (l\u00f6n\/skatt)<\/td><td>A1 + utstationeringsanm\u00e4lan online (meldloket)<\/td><\/tr><tr><td>Spanien<\/td><td>Tidsregistrering <strong>4 \u00e5r<\/strong>; l\u00f6neuppgifter l\u00e4ngre<\/td><td>A1 + anm\u00e4lan till den regionala arbetsmarknadsmyndigheten<\/td><\/tr><tr><td>Grekland<\/td><td>Anpassat till Ergani\/l\u00f6neregler<\/td><td>A1 + E-deklarationer via Ergani<\/td><\/tr><tr><td>Finland<\/td><td>Arbetstidsregistrering ~2 \u00e5r; l\u00f6neuppgifter l\u00e4ngre<\/td><td>A1 + anm\u00e4lan till arbetarskyddsmyndigheten; <em>tilaajavastuu<\/em>-kontroller<\/td><\/tr><tr><td>Norge<\/td><td>Vanligtvis flera \u00e5r<\/td><td>A1\/utstationeringsregistrering (Altinn); RF-1199 uppdragsrapportering<\/td><\/tr><\/tbody><\/table><\/figure>\n\n<p class=\"wp-block-paragraph\"><em>(Specifikationer f\u00f6r arkivering och anm\u00e4lan \u00e4ndras och varierar beroende p\u00e5 dokumenttyp \u2013 bekr\u00e4fta alltid det aktuella nationella kravet f\u00f6r varje post.)<\/em><\/p>\n\n<h2 id=\"conclusion\" class=\"wp-block-heading\">Slutsats<\/h2>\n\n<p class=\"wp-block-paragraph\">Om du bara tar med dig n\u00e5gra f\u00e5 saker fr\u00e5n denna guide, ta dessa.<\/p>\n\n<p class=\"wp-block-paragraph\"><strong>Reglerna kommer i lager, och du m\u00e5ste veta vilket lager som styr varje arbetare:<\/strong> EU-direktivets miniminiv\u00e5, den nationella lagstiftningen som implementerar och ofta \u00f6vertr\u00e4ffar den, samt byggbranschens kollektivavtal \u2013 ofta allm\u00e4ngiltiga \u2013 som fastst\u00e4ller de faktiska l\u00f6nesatserna och villkoren. Att fastst\u00e4lla &#8221;vems regler g\u00e4ller f\u00f6r denna arbetare, p\u00e5 denna plats, i detta land?&#8221; \u00e4r det f\u00f6rsta steget varje g\u00e5ng.<\/p>\n\n<p class=\"wp-block-paragraph\"><strong>Du m\u00e5ste registrera timmar och kunna bevisa dem.<\/strong> Sedan <em>CCOO<\/em>-domen 2019 \u00e4r detta fastst\u00e4llt i hela EU och EES: dagliga, tillf\u00f6rlitliga och s\u00f6kbara register f\u00f6r varje arbetare, med bevisb\u00f6rdan p\u00e5 dig. I Grekland och Spanien f\u00f6rv\u00e4ntar sig staten digitala register i realtid eller dagligen; \u00f6verallt r\u00e4knas avsaknad av register till din nackdel.<\/p>\n\n<p class=\"wp-block-paragraph\"><strong>L\u00f6n \u00e4r mer \u00e4n en timl\u00f6n.<\/strong>  Gr\u00e4nsen f\u00f6r \u00f6vertid, vad som r\u00e4knas mot minimil\u00f6nen, semesterers\u00e4ttning och bidrag till sektorsfonder samt arbetsgivaravgifter \u00e4r d\u00e4r efterlevnad \u2013 och korrekt anbudsgivning \u2013 faktiskt avg\u00f6rs.<\/p>\n\n<p class=\"wp-block-paragraph\"><strong>Inom byggbranschen \u00e4r du exponerad f\u00f6r brister hos f\u00f6retag l\u00e4ngre ner i kedjan.<\/strong>  Solidariskt ansvar f\u00f6r en underentrepren\u00f6rs obetalda l\u00f6ner och avgifter \u00e4r verklighet, ofta om\u00f6jligt att avtala bort, och ditt skydd \u00e4r dokumenterad, p\u00e5g\u00e5ende f\u00f6retagsbesiktning \u2013 inte en avtalsklausul.<\/p>\n\n<p class=\"wp-block-paragraph\">Bygg systemet s\u00e5 att det producerar korrekta register som en biprodukt av det normala arbetet, ha l\u00e4ndernas sammanfattningar n\u00e4ra till hands f\u00f6r de platser d\u00e4r du \u00e4r verksam, och bekr\u00e4fta detaljerna lokalt innan du f\u00f6rlitar dig p\u00e5 dem. G\u00f6r det, s\u00e5 slutar efterlevnad av arbetstider och l\u00f6ner att vara det som h\u00e5ller dig vaken och blir bara en annan del av att sk\u00f6ta jobbet v\u00e4l.<\/p>\n\n<p class=\"wp-block-paragraph\"><\/p>\n\n<h2 id=\"appendix-official-sources-and-further-reading\" class=\"wp-block-heading\">Bilaga: Officiella k\u00e4llor och vidare l\u00e4sning<\/h2>\n\n<p class=\"wp-block-paragraph\">Varje l\u00e4nk pekar p\u00e5 en officiell EU-institution eller en nationell myndighet. Om en djupl\u00e4nk har flyttats, b\u00f6rja fr\u00e5n institutionens huvuddom\u00e4n.<\/p>\n\n<p class=\"wp-block-paragraph\"><strong>Europeiska direktiv (fulltext p\u00e5 EUR-Lex)<\/strong><\/p>\n\n<ul class=\"wp-block-list\">\n<li><a href=\"https:\/\/eur-lex.europa.eu\/legal-content\/EN\/TXT\/?uri=CELEX:32003L0088\" target=\"_blank\" rel=\"noopener\">Arbetstidsdirektivet \u2013 2003\/88\/EG<\/a><\/li>\n\n\n\n<li><a href=\"https:\/\/eur-lex.europa.eu\/legal-content\/EN\/TXT\/?uri=CELEX:31996L0071\" target=\"_blank\" rel=\"noopener\">Utstationeringsdirektivet \u2013 96\/71\/EG<\/a><\/li>\n\n\n\n<li><a href=\"https:\/\/eur-lex.europa.eu\/legal-content\/EN\/TXT\/?uri=CELEX:32018L0957\" target=\"_blank\" rel=\"noopener\">Revidering av utstationeringsdirektivet \u2013 (EU) 2018\/957<\/a><\/li>\n\n\n\n<li><a href=\"https:\/\/eur-lex.europa.eu\/legal-content\/EN\/TXT\/?uri=CELEX:32014L0067\" target=\"_blank\" rel=\"noopener\">Till\u00e4mpningsdirektivet (entrepren\u00f6rsansvar, art. 12) \u2013 2014\/67\/EU<\/a><\/li>\n\n\n\n<li><a href=\"https:\/\/eur-lex.europa.eu\/legal-content\/EN\/TXT\/?uri=CELEX:32022L2041\" target=\"_blank\" rel=\"noopener\">Direktivet om tillr\u00e4ckliga minimil\u00f6ner \u2013 (EU) 2022\/2041<\/a><\/li>\n\n\n\n<li><a href=\"https:\/\/eur-lex.europa.eu\/legal-content\/EN\/TXT\/?uri=CELEX:32023L0970\" target=\"_blank\" rel=\"noopener\">Direktivet om l\u00f6netransparens \u2013 (EU) 2023\/970<\/a><\/li>\n\n\n\n<li><a href=\"https:\/\/eur-lex.europa.eu\/legal-content\/EN\/TXT\/?uri=CELEX:32019L1152\" target=\"_blank\" rel=\"noopener\">Direktivet om tydliga och f\u00f6ruts\u00e4gbara arbetsvillkor \u2013 (EU) 2019\/1152<\/a><\/li>\n<\/ul>\n\n<p class=\"wp-block-paragraph\"><strong>Officiella portaler p\u00e5 EU-niv\u00e5<\/strong><\/p>\n\n<ul class=\"wp-block-list\">\n<li><a href=\"https:\/\/europa.eu\/youreurope\/business\/human-resources\/cross-border-posted-workers\/posting-staff-abroad\/index_en.htm\" target=\"_blank\" rel=\"noopener\">Utstationering av personal utomlands \u2013 arbetsgivarens skyldigheter (Ditt Europa)<\/a><\/li>\n\n\n\n<li><a href=\"https:\/\/www.ela.europa.eu\/en\/topics\/posting-workers\" target=\"_blank\" rel=\"noopener\">Utstationering av arbetstagare (Europeiska arbetsmyndigheten)<\/a><\/li>\n\n\n\n<li><a href=\"https:\/\/employment-social-affairs.ec.europa.eu\/policies-and-activities\/rights-work\/health-and-safety-work\/senior-labour-inspectors-committee-0\/labour-inspectorates-eu_en\" target=\"_blank\" rel=\"noopener\">F\u00f6rteckning \u00f6ver nationella yrkesinspektioner (Europeiska kommissionen)<\/a><\/li>\n\n\n\n<li><a href=\"https:\/\/ec.europa.eu\/eurostat\/statistics-explained\/index.php?title=Minimum_wage_statistics\" target=\"_blank\" rel=\"noopener\">Statistik \u00f6ver minimil\u00f6ner (Eurostat)<\/a><\/li>\n<\/ul>\n\n<p class=\"wp-block-paragraph\"><strong>Nationella myndigheter och regler<\/strong><\/p>\n\n<ul class=\"wp-block-list\">\n<li><strong>Estland<\/strong> \u2013 <a href=\"https:\/\/www.tooelu.ee\/en\/24\/working-time\" target=\"_blank\" rel=\"noopener\">T\u00f6\u00f6elu, arbetstidsregler (T\u00f6\u00f6inspektsioon)<\/a><\/li>\n\n\n\n<li><strong>Polen<\/strong> \u2013 <a href=\"https:\/\/pip.gov.pl\" target=\"_blank\" rel=\"noopener\">Pa\u0144stwowa Inspekcja Pracy (PIP)<\/a><\/li>\n\n\n\n<li><strong>Nederl\u00e4nderna<\/strong> \u2013 <a href=\"https:\/\/business.gov.nl\/staff\/hiring-and-secondment\/posting-workers-inside-the-eu\/\" target=\"_blank\" rel=\"noopener\">Utstationering av arbetstagare (Business.gov.nl)<\/a><\/li>\n\n\n\n<li><strong>Spanien<\/strong> \u2013 <a href=\"https:\/\/administracion.gob.es\/pag_Home\/en\/Tu-espacio-europeo\/derechos-obligaciones\/empresas\/empleados\/desplazados\/laboral.html\" target=\"_blank\" rel=\"noopener\">Utstationerade arbetstagare &amp; anm\u00e4lningsportalen Ley 45<\/a><\/li>\n\n\n\n<li><strong>Grekland<\/strong> \u2013 <a href=\"https:\/\/ergani.gov.gr\" target=\"_blank\" rel=\"noopener\">Oberoende arbetsinspektionen och ERGANI-plattformen<\/a><\/li>\n\n\n\n<li><strong>Finland<\/strong> \u2013 <a href=\"https:\/\/tyosuojelu.fi\/en\/employment-relationship\/working-hours\" target=\"_blank\" rel=\"noopener\">Arbetarskyddsf\u00f6rvaltningen, arbetstider &amp; bokf\u00f6ring<\/a><\/li>\n\n\n\n<li><strong>Norge<\/strong> \u2013 <a href=\"https:\/\/www.arbeidstilsynet.no\/en\/pay-and-engagement-of-employees\/pay-and-minimum-rates-of-pay\/minimum-wage\/\" target=\"_blank\" rel=\"noopener\">Arbeidstilsynet, minimil\u00f6n i reglerade sektorer<\/a><\/li>\n\n\n\n<li><strong>Tyskland (SOKA-BAU \/ semesterkassa vid utstationering)<\/strong> \u2013 <a href=\"https:\/\/www.zoll.de\/EN\/Businesses\/Work\/Foreign-domiciled-employers-posting\/Minimum-conditions-of-employment\/Holiday-fund-procedures\/holiday-fund-procedures_node.html\" target=\"_blank\" rel=\"noopener\">Tyska tullen (Zoll), rutiner f\u00f6r semesterkassa f\u00f6r utstationerade arbetstagare<\/a><\/li>\n<\/ul>\n","protected":false},"excerpt":{"rendered":"<p>L\u00f6nehantering inom byggbranschen handlar s\u00e4llan om att bara multiplicera timmar med en timl\u00f6n. Ett enskilt projekt kan involvera en kund, en huvudentrepren\u00f6r, flera lager av underentrepren\u00f6rer, bemanningsf\u00f6retag, lokalanst\u00e4llda, utstationerade arbetstagare och egenf\u00f6retagare. Dessa arbetare kan flytta mellan olika byggplatser, arbeta enligt oregelbundna scheman, f\u00e5 olika typer av till\u00e4gg och omfattas av kollektivavtal f\u00f6r byggsektorn som [&hellip;]<\/p>\n","protected":false},"author":15,"featured_media":30949,"comment_status":"closed","ping_status":"open","sticky":false,"template":"","format":"standard","meta":{"_acf_changed":false,"footnotes":""},"categories":[249,273],"tags":[],"class_list":["post-30948","post","type-post","status-publish","format-standard","has-post-thumbnail","hentry","category-guider-och-insikter","category-juridik-och-efterlevnad"],"acf":[],"metadata":{"blog_post_read_time":"25 min l\u00e4sning"},"category_objects":[{"term_id":249,"name":"Guider och insikter","slug":"guider-och-insikter","term_group":0,"term_taxonomy_id":249,"taxonomy":"category","description":"","parent":0,"count":51,"filter":"raw","cat_ID":249,"category_count":51,"category_description":"","cat_name":"Guider och insikter","category_nicename":"guider-och-insikter","category_parent":0},{"term_id":273,"name":"Juridik och efterlevnad","slug":"juridik-och-efterlevnad","term_group":0,"term_taxonomy_id":273,"taxonomy":"category","description":"","parent":0,"count":6,"filter":"raw","cat_ID":273,"category_count":6,"category_description":"","cat_name":"Juridik och efterlevnad","category_nicename":"juridik-och-efterlevnad","category_parent":0}],"image":{"low-res":{"url":"https:\/\/remato.com\/wp-content\/uploads\/2026\/08\/hours-and-payroll-_-construction_remato_2-80x53.jpg","width":80,"height":53,"alt":"Timmar och l\u00f6nehantering byggbranschen Remato 2"},"thumbnail":{"url":"https:\/\/remato.com\/wp-content\/uploads\/2026\/08\/hours-and-payroll-_-construction_remato_2-150x150.jpg","width":150,"height":150,"alt":"Timmar och l\u00f6nehantering byggbranschen Remato 2"},"medium_large":{"url":"https:\/\/remato.com\/wp-content\/uploads\/2026\/08\/hours-and-payroll-_-construction_remato_2-768x512.jpg","width":768,"height":512,"alt":"Timmar och l\u00f6nehantering byggbranschen Remato 2"},"large":{"url":"https:\/\/remato.com\/wp-content\/uploads\/2026\/08\/hours-and-payroll-_-construction_remato_2-1024x682.jpg","width":1024,"height":682,"alt":"Timmar och l\u00f6nehantering byggbranschen Remato 2"}},"excerpt_raw":"","formatted_date":"19 augusti 2026","_links":{"self":[{"href":"https:\/\/remato.com\/sv\/wp-json\/wp\/v2\/posts\/30948","targetHints":{"allow":["GET"]}}],"collection":[{"href":"https:\/\/remato.com\/sv\/wp-json\/wp\/v2\/posts"}],"about":[{"href":"https:\/\/remato.com\/sv\/wp-json\/wp\/v2\/types\/post"}],"author":[{"embeddable":true,"href":"https:\/\/remato.com\/sv\/wp-json\/wp\/v2\/users\/15"}],"replies":[{"embeddable":true,"href":"https:\/\/remato.com\/sv\/wp-json\/wp\/v2\/comments?post=30948"}],"version-history":[{"count":1,"href":"https:\/\/remato.com\/sv\/wp-json\/wp\/v2\/posts\/30948\/revisions"}],"predecessor-version":[{"id":30950,"href":"https:\/\/remato.com\/sv\/wp-json\/wp\/v2\/posts\/30948\/revisions\/30950"}],"wp:featuredmedia":[{"embeddable":true,"href":"https:\/\/remato.com\/sv\/wp-json\/wp\/v2\/media\/30949"}],"wp:attachment":[{"href":"https:\/\/remato.com\/sv\/wp-json\/wp\/v2\/media?parent=30948"}],"wp:term":[{"taxonomy":"category","embeddable":true,"href":"https:\/\/remato.com\/sv\/wp-json\/wp\/v2\/categories?post=30948"},{"taxonomy":"post_tag","embeddable":true,"href":"https:\/\/remato.com\/sv\/wp-json\/wp\/v2\/tags?post=30948"}],"curies":[{"name":"wp","href":"https:\/\/api.w.org\/{rel}","templated":true}]}}