{"id":30954,"date":"2026-08-19T01:16:47","date_gmt":"2026-08-19T01:16:47","guid":{"rendered":"https:\/\/remato.com\/blog\/darba-laiks-un-algu-aprekins-buvnieciba-pilnigs-atbilstibas-celvedis\/"},"modified":"2026-08-19T01:56:27","modified_gmt":"2026-08-19T01:56:27","slug":"darba-laiks-un-algu-aprekins-buvnieciba-pilnigs-atbilstibas-celvedis","status":"publish","type":"post","link":"https:\/\/remato.com\/lv\/blog\/darba-laiks-un-algu-aprekins-buvnieciba-pilnigs-atbilstibas-celvedis\/","title":{"rendered":"Darba laiks un algu apr\u0113\u0137ins b\u016bvniec\u012bb\u0101: Piln\u012bgs atbilst\u012bbas ce\u013cvedis"},"content":{"rendered":"\n<p class=\"wp-block-paragraph\">B\u016bvniec\u012bbas algu apr\u0113\u0137ins reti kad ir tikai stundu reizin\u0101\u0161ana ar stundas likmi.<\/p>\n\n<p class=\"wp-block-paragraph\">Vien\u0101 projekt\u0101 var b\u016bt iesaist\u012bts klients, galvenais darbuz\u0146\u0113m\u0113js, vair\u0101ki apak\u0161uz\u0146\u0113m\u0113ju l\u012bme\u0146i, darbasp\u0113ka a\u0123ent\u016bras, viet\u0113jie darbinieki, nor\u012bkotie darbinieki un pa\u0161nodarbin\u0101tas personas. \u0160ie darbinieki var p\u0101rvietoties starp objektiem, str\u0101d\u0101t neregul\u0101rus grafikus, sa\u0146emt da\u017e\u0101du veidu piemaksas un uz vi\u0146iem var attiekties b\u016bvniec\u012bbas nozares kopl\u012bgumi, kas nodro\u0161ina d\u0101sn\u0101kus nosac\u012bjumus nek\u0101 visp\u0101r\u0113jie darba ties\u012bbu akti.<\/p>\n\n<p class=\"wp-block-paragraph\">\u0160\u012b kombin\u0101cija padara b\u016bvniec\u012bbu par vienu no sare\u017e\u0123\u012bt\u0101kaj\u0101m nozar\u0113m, kur\u0101 pareizi p\u0101rvald\u012bt darba laiku un algu apr\u0113\u0137inu.<\/p>\n\n<p class=\"wp-block-paragraph\">Galvenais atbilst\u012bbas jaut\u0101jums nav vienk\u0101r\u0161i:<\/p>\n\n<p class=\"wp-block-paragraph\">Cik stundas \u0161\u012b persona str\u0101d\u0101ja?<\/p>\n\n<p class=\"wp-block-paragraph\">Tas ir:<\/p>\n\n<blockquote class=\"wp-block-quote is-layout-flow wp-block-quote-is-layout-flow\">\n<p class=\"wp-block-paragraph\">Kas nodarbin\u0101ja personu, k\u0101ds bija t\u0101s juridiskais statuss, kur t\u0101 str\u0101d\u0101ja, k\u0101di ties\u012bbu akti un kopl\u012bgums tika piem\u0113roti, k\u0101 tika noteiktas t\u0101s stundas, cik tai vajadz\u0113ja sa\u0146emt, un vai katra izmaks\u0101t\u0101 vai ietur\u0113t\u0101 summa ir pier\u0101d\u0101ma?<\/p>\n<\/blockquote>\n\n<p class=\"wp-block-paragraph\">Uzticamai b\u016bvniec\u012bbas atbilst\u012bbas sist\u0113mai j\u0101nodro\u0161ina nep\u0101rtraukta pier\u0101d\u012bjumu pl\u016bsma:<\/p>\n\n<p class=\"wp-block-paragraph\"><strong>darbinieka statuss \u2192 nodarbin\u0101t\u012bbas noteikumi \u2192 objekta un laika uzskaite \u2192 darba samaksas klasifik\u0101cija \u2192 algu apr\u0113\u0137ins \u2192 algas lapi\u0146a \u2192 maks\u0101jums \u2192 nodok\u013cu un soci\u0101l\u0101s apdro\u0161in\u0101\u0161anas p\u0101rskati<\/strong><\/p>\n\n<p class=\"wp-block-paragraph\">\u0160is ce\u013cvedis izskaidro galveno sist\u0113mu, kas darba dev\u0113jiem, galvenajiem darbuz\u0146\u0113m\u0113jiem un apak\u0161uz\u0146\u0113m\u0113jiem ir j\u0101saprot, p\u0101rvaldot darba laiku un algu apr\u0113\u0137inu Eiropas b\u016bvniec\u012bb\u0101.<\/p>\n\n<p class=\"wp-block-paragraph\">Tas koncentr\u0113jas uz ES un EEZ principiem un operat\u012bvaj\u0101m sist\u0113m\u0101m, kas atbalsta atbilst\u012bbu. Prec\u012bzi nodarbin\u0101t\u012bbas, algu apr\u0113\u0137ina, nodok\u013cu, soci\u0101l\u0101s apdro\u0161in\u0101\u0161anas, kopl\u012bgumu, nor\u012bko\u0161anas un dokumentu glab\u0101\u0161anas noteikumi joproj\u0101m ir j\u0101p\u0101rbauda valst\u012b, kur\u0101 darbs tiek veikts.<\/p>\n\n<div class=\"wp-block-rank-math-toc-block\" id=\"rank-math-toc\"><h2>Table of Contents<\/h2><nav><ul><li><a href=\"#the-legal-architecture-who-sets-the-rules\">Juridisk\u0101 arhitekt\u016bra \u2013 kas nosaka noteikumus?<\/a><\/li><li><a href=\"#working-time-rules\">Darba laika noteikumi<\/a><\/li><li><a href=\"#recording-hours-and-proving-them\">Stundu uzskaite un to pier\u0101d\u012b\u0161ana<\/a><ul><li><a href=\"#what-a-compliant-record-shows\">Ko par\u0101da atbilst\u012bgs ieraksts<\/a><\/li><li><a href=\"#real-time-digital-regimes\">Re\u0101llaika digit\u0101lie re\u017e\u012bmi<\/a><\/li><li><a href=\"#the-multi-site-problem\">Vair\u0101ku objektu probl\u0113ma<\/a><\/li><li><a href=\"#what-no-records-costs-you\">Cik jums izmaks\u0101 \u201cbez ierakstiem\u201d<\/a><\/li><\/ul><\/li><li><a href=\"#pay-and-payroll-fundamentals\">Darba samaksas un algu apr\u0113\u0137ina pamati<\/a><\/li><li><a href=\"#payroll-and-hours-calculation-a-worked-example\">Algu un stundu apr\u0113\u0137ins \u2013 piem\u0113rs<\/a><ul><li><a href=\"#how-do-you-calculate-time-for-payroll\">K\u0101 apr\u0113\u0137in\u0101t laiku algu apr\u0113\u0137inam?<\/a><\/li><\/ul><\/li><li><a href=\"#subcontractor-and-chain-liability\">Apak\u0161uz\u0146\u0113m\u0113ju un \u0137\u0113des atbild\u012bba<\/a><\/li><li><a href=\"#collective-agreements-in-construction\">Kopl\u012bgumi b\u016bvniec\u012bb\u0101<\/a><\/li><li><a href=\"#building-your-compliance-system\">Atbilst\u012bbas sist\u0113mas izveide<\/a><ul><li><a href=\"#from-approved-hours-to-payroll-reports-with-remato\">No apstiprin\u0101t\u0101m stund\u0101m l\u012bdz algu apr\u0113\u0137ina p\u0101rskatiem ar Remato<\/a><\/li><\/ul><\/li><li><a href=\"#country-toolkit\">Valsts r\u012bku komplekts<\/a><ul><li><a href=\"#minimum-wage-statutory-july-2026\">Minim\u0101l\u0101 alga (likum\u0101 noteikt\u0101, 2026. gada j\u016blijs)<\/a><\/li><li><a href=\"#time-recording-regime\">Laika uzskaites re\u017e\u012bms<\/a><\/li><li><a href=\"#subcontractor-chain-liability-depth\">Apak\u0161uz\u0146\u0113m\u0113ju \/ \u0137\u0113des atbild\u012bbas dzi\u013cums<\/a><\/li><li><a href=\"#retention-cross-border-notes-verify-locally\">Glab\u0101\u0161ana un p\u0101rrobe\u017eu piez\u012bmes (p\u0101rbaud\u012bt viet\u0113j\u0101 l\u012bmen\u012b)<\/a><\/li><\/ul><\/li><li><a href=\"#conclusion\">Secin\u0101jums<\/a><\/li><li><a href=\"#appendix-official-sources-and-further-reading\">Pielikums: Ofici\u0101lie avoti un papildu literat\u016bra<\/a><\/li><\/ul><\/nav><\/div>\n\n<h2 id=\"the-legal-architecture-who-sets-the-rules\" class=\"wp-block-heading\">Juridisk\u0101 arhitekt\u016bra \u2013 kas nosaka noteikumus?<\/h2>\n\n<p class=\"wp-block-paragraph\">Vissvar\u012bg\u0101k\u0101 ideja \u0161aj\u0101 jaut\u0101jum\u0101: Eiropas Savien\u012bba <strong>tie\u0161i<\/strong> neregul\u0113 j\u016bsu algu apr\u0113\u0137inu. ES izdod <em>direkt\u012bvas<\/em>, kas nosaka minim\u0101lo standartu. P\u0113c tam katra dal\u012bbvalsts izstr\u0101d\u0101 savus saisto\u0161os nacion\u0101los ties\u012bbu aktus, lai sasniegtu \u0161o standartu, un ir ties\u012bga noteikt stingr\u0101kus nosac\u012bjumus. T\u0101p\u0113c, ja jaut\u0101jat \u201ck\u0101da ir juridisk\u0101 pras\u012bba?\u201d, god\u012bg\u0101 atbilde gandr\u012bz vienm\u0113r ir: <em>tie ir j\u016bsu nacion\u0101lie ties\u012bbu akti, kuriem j\u0101atbilst vai j\u0101p\u0101rsniedz ES minim\u0101l\u0101s pras\u012bbas.<\/em><\/p>\n\n<p class=\"wp-block-paragraph\">Tam seko tr\u012bs praktiskas sekas: <\/p>\n\n<p class=\"wp-block-paragraph\"><strong>Minim\u0101lais standarts ir kop\u012bgs, deta\u013cas ir viet\u0113jas.<\/strong> Katra ES valsts garant\u0113 vienas un t\u0101s pa\u0161as pamatties\u012bbas \u2013 ierobe\u017eotu darba ned\u0113\u013cu, ikdienas un ikned\u0113\u013cas atp\u016btu, apmaks\u0101tu atva\u013cin\u0101jumu, stundu uzskaiti, minim\u0101lo darba samaksu. Ta\u010du skait\u013ci, kas ir \u0161o ties\u012bbu pamat\u0101 (minim\u0101l\u0101 alga, cik gadus j\u0101glab\u0101 ieraksti, cik dzi\u013ca ir apak\u0161uz\u0146\u0113m\u0113ju atbild\u012bba), tiek noteikti valsts l\u012bmen\u012b un krasi at\u0161\u0137iras. Div\u0101s valst\u012bs, kuras saista viena un t\u0101 pati direkt\u012bva, minim\u0101l\u0101s algas var at\u0161\u0137irties tr\u012bs reizes.<\/p>\n\n<p class=\"wp-block-paragraph\"><strong>B\u016bvniec\u012bb\u0101 stingr\u0101ki nosac\u012bjumi nek\u0101 minim\u0101lais standarts ir norm\u0101li.<\/strong> Valstis regul\u0101ri pievieno b\u016bvniec\u012bbai specifiskus noteikumus: re\u0101llaika elektronisku laika uzskaiti, visas \u0137\u0113des atbild\u012bbu par darba samaksu, oblig\u0101tus nozares fondus. ES minim\u0101lais standarts reti kad ir \u0161\u012bs nozares griesti.<\/p>\n\n<p class=\"wp-block-paragraph\"><strong>Ar\u012b EEZ ir iesaist\u012bta.<\/strong> Norv\u0113\u0123ija, Islande un Lihten\u0161teina nav ES dal\u012bbvalstis, bet pieder Eiropas Ekonomikas zonai, un ar EEZ l\u012bguma starpniec\u012bbu t\u0101s pie\u0146em liel\u0101ko da\u013cu to pa\u0161u darba direkt\u012bvu. Norv\u0113\u0123ijas projektam ir \u013coti l\u012bdz\u012bgas saist\u012bbas k\u0101 ES projektam.<\/p>\n\n<p class=\"wp-block-paragraph\"><strong>Viena prasme, ko m\u0101ca \u0161\u012b sada\u013ca,<\/strong> ir viens jaut\u0101jums, uz kuru jums j\u0101sp\u0113j atbild\u0113t par jebkuru darbinieku jebkur\u0101 objekt\u0101: <em>\u0146emot v\u0113r\u0101 \u0161o personu, \u0161aj\u0101 objekt\u0101, \u0161aj\u0101 valst\u012b \u2013 k\u0101di noteikumi ir piem\u0113rojami?<\/em> Atbilde ir atkar\u012bga no t\u0101, kur fiziski tiek veikts darbs (uz vietas apst\u0101k\u013cus parasti regul\u0113 uz\u0146emo\u0161\u0101s valsts noteikumi), vai darbinieks ir \u201cnor\u012bkots\u201d no citas valsts (p\u0101rrobe\u017eu l\u012bmenis \u2013 6. sada\u013ca) un k\u0101ds kopl\u012bgums attiecas uz attiec\u012bgo profesiju (7. sada\u013ca). Vispirms atrisiniet \u0161o jaut\u0101jumu. Viss p\u0101r\u0113jais ir atkar\u012bgs no t\u0101.<\/p>\n\n<p class=\"wp-block-paragraph\"><\/p>\n\n<h2 id=\"working-time-rules\" class=\"wp-block-heading\">Darba laika noteikumi<\/h2>\n\n<p class=\"wp-block-paragraph\"><strong>ES Darba laika direkt\u012bva (2003\/88\/EK)<\/strong> nosaka pamatprincipus, kas j\u0101ievie\u0161 valsts ties\u012bbu aktos. Galvenie ierobe\u017eojumi:<\/p>\n\n<figure class=\"wp-block-table\"><table class=\"has-fixed-layout\"><thead><tr><th>Pras\u012bba<\/th><th>ES pamatl\u012bmenis<\/th><\/tr><\/thead><tbody><tr><td>Maksim\u0101l\u0101 darba ned\u0113\u013ca<\/td><td><strong>Vid\u0113ji 48 stundas<\/strong>, ieskaitot virsstundas, atskaites period\u0101 (parasti l\u012bdz 4 m\u0113ne\u0161iem, ilg\u0101k, ja to pie\u013cauj kopl\u012bgums)<\/td><\/tr><tr><td>Dienas atp\u016bta<\/td><td>Vismaz <strong>11 nep\u0101rtrauktas stundas<\/strong> katr\u0101s 24 stund\u0101s<\/td><\/tr><tr><td>Ikned\u0113\u013cas atp\u016bta<\/td><td>Vismaz <strong>24 nep\u0101rtrauktas stundas<\/strong>, papildus ikdienas 11 stund\u0101m (\u224835 stundas) katr\u0101 7 dienu period\u0101<\/td><\/tr><tr><td>P\u0101rtraukumi<\/td><td>Oblig\u0101ti, ja darba diena p\u0101rsniedz <strong>se\u0161as stundas<\/strong>; ilgums noteikts valsts l\u012bmen\u012b vai ar vieno\u0161anos<\/td><\/tr><tr><td>Apmaks\u0101ts ikgad\u0113jais atva\u013cin\u0101jums<\/td><td>Vismaz <strong>\u010detras ned\u0113\u013cas gad\u0101<\/strong><\/td><\/tr><tr><td>Nakts darbs<\/td><td>Parasti ne vair\u0101k k\u0101 vid\u0113ji <strong>asto\u0146as stundas 24 stundu period\u0101<\/strong>, ar vesel\u012bbas aizsardz\u012bbas pas\u0101kumiem<\/td><\/tr><\/tbody><\/table><\/figure>\n\n<p class=\"wp-block-paragraph\">T\u0101s ir viegl\u0101k\u0101s da\u013cas, ko nor\u0101d\u012bt. B\u016bvniec\u012bbas gr\u016bt\u012bbas sl\u0113pjas robe\u017egad\u012bjumos.<\/p>\n\n<p class=\"wp-block-paragraph\"><strong>Atskaites periodi un sezon\u0101l\u0101 vid\u0113j\u0101 v\u0113rt\u012bba.<\/strong> B\u016bvniec\u012bba ir sezon\u0101la un atkar\u012bga no laikapst\u0101k\u013ciem. 48 stundu ierobe\u017eojums ir <em>vid\u0113jais<\/em>, t\u0101p\u0113c gar\u0101s vasaras ned\u0113\u013cas var l\u012bdzsvarot ar \u012bs\u0101m ziemas ned\u0113\u013c\u0101m \u2013 bet tikai atskaites period\u0101, ko pie\u013cauj j\u016bsu valsts ties\u012bbu akti vai kopl\u012bgums, un tikai tad, ja j\u016bs faktiski sekojat l\u012bdzi main\u012bgajai vid\u0113jai v\u0113rt\u012bbai. Vid\u0113j\u0101 v\u0113rt\u012bba ir likum\u012bga; vid\u0113j\u0101s v\u0113rt\u012bbas uzraudz\u012bbas tr\u016bkums ir p\u0101rk\u0101pums, kas gaida, lai tiktu atkl\u0101ts.<\/p>\n\n<p class=\"wp-block-paragraph\"><strong>Virsstundas.<\/strong> Direkt\u012bva nosaka kop\u0113jo stundu skaitu, bet virsstundu <em>piemaksas<\/em> atst\u0101j valsts ties\u012bbu aktu un kopl\u012bgumu zi\u0146\u0101. Piem\u0113rojamais b\u016bvniec\u012bbas l\u012bgums parasti nosaka virsstundu reizin\u0101t\u0101ju un to, kad tas st\u0101jas sp\u0113k\u0101 (dienas slieksnis, ned\u0113\u013cas slieksnis, ned\u0113\u013cas nogale, nakts). \u0160eit s\u0101kas daudzas s\u016bdz\u012bbas par nepietiekamu samaksu, jo ir viegli k\u013c\u016bd\u012bties s\u0101kuma punkt\u0101 vai likm\u0113.<\/p>\n\n<p class=\"wp-block-paragraph\"><strong>Ce\u013co\u0161anas laiks starp objektiem.<\/strong> Pel\u0113k\u0101 zona. Laiks, kas pavad\u012bts, ce\u013cojot <em>starp<\/em> darba objektiem dienas laik\u0101, parasti ir darba laiks. Parasta p\u0101rvieto\u0161an\u0101s no m\u0101j\u0101m uz fiks\u0113tu darba vietu parasti nav \u2013 bet mobilajiem darbiniekiem bez fiks\u0113tas darba vietas tiesu prakse ir uzskat\u012bjusi dienas pirmo un p\u0113d\u0113jo braucienu par darba laiku. Ja j\u016bsu komandas p\u0101rvietojas starp objektiem, tas var p\u0101rsniegt 48 stundu robe\u017eu.<\/p>\n\n<p class=\"wp-block-paragraph\"><strong>De\u017e\u016bras un gaid\u012b\u0161anas re\u017e\u012bms.<\/strong> Vai de\u017e\u016bras laiks tiek ieskait\u012bts, ir atkar\u012bgs no t\u0101, cik ierobe\u017eots ir darbinieks. J\u0101paliek objekt\u0101 vai j\u0101rea\u0123\u0113 da\u017eu min\u016b\u0161u laik\u0101? Parasti darba laiks. Patiesi br\u012bvs l\u012bdz izsaukumam? Parasti n\u0113. Jo stingr\u0101ka ir saikne, jo liel\u0101ka iesp\u0113ja, ka tas tiek ieskait\u012bts.<\/p>\n\n<p class=\"wp-block-paragraph\"><strong>Gar\u0101s mai\u0146as un darbs prom no m\u0101j\u0101m.<\/strong> Rot\u0101cijas un promb\u016btnes mode\u013ciem joproj\u0101m j\u0101iev\u0113ro ikdienas un ikned\u0113\u013cas atp\u016bta, vai ar\u012b j\u0101iek\u013caujas pien\u0101c\u012bgi saska\u0146ot\u0101 atk\u0101p\u0113. \u201cPui\u0161i grib\u0113ja str\u0101d\u0101t, lai var\u0113tu \u0101tr\u0101k doties m\u0101j\u0101s\u201d nav attaisnojums, ja tas p\u0101rk\u0101pj oblig\u0101to atp\u016btu.<\/p>\n\n<p class=\"wp-block-paragraph\">T\u0113ma visos \u0161ajos gad\u012bjumos: ierobe\u017eojumi nav izv\u0113les, darbinieki parasti nevar pamatoti atteikties no sav\u0101m pamatatp\u016btas ties\u012bb\u0101m, un pier\u0101d\u012b\u0161anas pien\u0101kums, ka j\u016bs t\u0101s iev\u0113roj\u0101t, gulstas uz jums \u2013 tie\u0161i t\u0101p\u0113c n\u0101kam\u0101 sada\u013ca ir tik svar\u012bga.<\/p>\n\n<h2 id=\"recording-hours-and-proving-them\" class=\"wp-block-heading\">Stundu uzskaite un to pier\u0101d\u012b\u0161ana<\/h2>\n\n<p class=\"wp-block-paragraph\">Vai jums tie\u0161\u0101m ir j\u0101uzskaita stundas un t\u0101s j\u0101pier\u0101da? Vis\u0101 ES un EEZ \u2013 <strong>j\u0101, bez iz\u0146\u0113muma.<\/strong><\/p>\n\n<p class=\"wp-block-paragraph\">Pagrieziena punkts bija Eiropas Savien\u012bbas Tiesas 2019. gada spriedums liet\u0101 <strong><em>CCOO pret Deutsche Bank<\/em> (C-55\/18)<\/strong>. Sp\u0101nijas arodbiedr\u012bba apgalvoja, ka bez ikdienas stundu uzskaites nav iesp\u0113jams zin\u0101t, vai tiek iev\u0113roti darba laika un virsstundu ierobe\u017eojumi. Tiesa piekrita: dal\u012bbvalst\u012bm j\u0101pieprasa darba dev\u0113jiem izveidot <strong>objekt\u012bvu, uzticamu un pieejamu sist\u0113mu, kas re\u0123istr\u0113 katra darbinieka ikdienas darba laiku.<\/strong> \u0160o aizsardz\u012bbu nevar main\u012bt pret izmaks\u0101m \u2013 jums ir j\u0101b\u016bt sist\u0113mai neatkar\u012bgi no izdevumiem.<\/p>\n\n<p class=\"wp-block-paragraph\">Tagad aiz katra nacion\u0101l\u0101 re\u017e\u012bma ir divas sekas:<\/p>\n\n<p class=\"wp-block-paragraph\"><strong>Pier\u0101d\u012b\u0161anas pien\u0101kums gulstas uz darba dev\u0113ju.<\/strong> Ja darbinieks pieprasa neapmaks\u0101tas virsstundas vai atp\u016btas p\u0101rk\u0101pumu un jums nav uzticamu ierakstu, ierakstu tr\u016bkums darbojas <em>pret<\/em> jums. \u201cM\u0113s to neuzskait\u012bj\u0101m\u201d nav neitr\u0101ls; tas ir tuvu piek\u0101p\u0161an\u0101s punktam.<\/p>\n\n<p class=\"wp-block-paragraph\"><strong>Ikdienas uzskaite ir standarts<\/strong> \u2013 nevis ikned\u0113\u013cas kopsummas vai tikai iz\u0146\u0113mumu \u017eurn\u0101li. Jums ir nepiecie\u0161ams s\u0101kuma laiks, beigu laiks, p\u0101rtraukumi un kop\u0113jais stundu skaits katram darbiniekam dien\u0101, form\u0101, ko var nolas\u012bt inspektors vai tiesa.<\/p>\n\n<h3 id=\"what-a-compliant-record-shows\" class=\"wp-block-heading\">Ko par\u0101da atbilst\u012bgs ieraksts<\/h3>\n\n<p class=\"wp-block-paragraph\">Katram darbiniekam, katrai dienai, minim\u0101li:<\/p>\n\n<ul class=\"wp-block-list\">\n<li>darbinieka identit\u0101te;<\/li>\n\n\n\n<li>darba dev\u0113js vai apak\u0161uz\u0146\u0113m\u0113js;<\/li>\n\n\n\n<li>attiec\u012bgais b\u016bvobjekts vai projekts;<\/li>\n\n\n\n<li>kalend\u0101ra datums;<\/li>\n\n\n\n<li>faktiskais s\u0101kuma un beigu laiks;<\/li>\n\n\n\n<li>p\u0101rtraukumi;<\/li>\n\n\n\n<li>kop\u0113jais dienas stundu skaits;<\/li>\n\n\n\n<li>virsstundas, nakts, ned\u0113\u013cas nogales vai sv\u0113tku stundas;<\/li>\n\n\n\n<li>korekcijas un kas t\u0101s at\u013c\u0101vis.<\/li>\n<\/ul>\n\n<p class=\"wp-block-paragraph\">Tam j\u0101b\u016bt <strong>uzticamam<\/strong> (nevis viegli redi\u0123\u0113jamam p\u0113c fakta), <strong>pieejamam<\/strong> (izg\u016bstamam, kad to pieprasa inspektors vai darbinieks) un <strong>saglab\u0101tam<\/strong> j\u016bsu valsts ties\u012bbu aktos noteiktaj\u0101 period\u0101. Ieraksti regul\u0101ri j\u0101apstiprina gan darbiniekam, gan vad\u012bt\u0101jam, un v\u0113l\u0101k\u0101m izmai\u0146\u0101m j\u0101paliek redzam\u0101m, nevis j\u0101p\u0101rraksta ori\u0123in\u0101ls. Tikai objekta piek\u013cuves \u017eurn\u0101ls var b\u016bt nepietiekams \u2013 kl\u0101tb\u016btne objekt\u0101 ne vienm\u0113r ir tas pats, kas apmaks\u0101ts darba laiks. Ide\u0101l\u0101 gad\u012bjum\u0101 sist\u0113ma ar\u012b signaliz\u0113, kad k\u0101ds tuvojas 48 stundu vid\u0113jam r\u0101d\u012bt\u0101jam vai p\u0101rk\u0101pj atp\u016btas noteikumu, lai probl\u0113mas atkl\u0101tos, pirms t\u0101s k\u013c\u016bst par p\u0101rk\u0101pumiem.<\/p>\n\n<h3 id=\"real-time-digital-regimes\" class=\"wp-block-heading\">Re\u0101llaika digit\u0101lie re\u017e\u012bmi<\/h3>\n\n<p class=\"wp-block-paragraph\">Vair\u0101kas valstis ir g\u0101ju\u0161as daudz t\u0101l\u0101k par pap\u012bra darba laika uzskaites lapu:<\/p>\n\n<ul class=\"wp-block-list\">\n<li><strong>Grie\u0137ija: Ergani II digit\u0101l\u0101 darba karte.<\/strong> Darbinieki elektroniski re\u0123istr\u0113jas un izre\u0123istr\u0113jas, un dati gandr\u012bz re\u0101llaik\u0101 non\u0101k valsts Ergani platform\u0101. Viens no stingr\u0101kajiem re\u017e\u012bmiem Eirop\u0101; neatbilst\u012bbas starp deklar\u0113to grafiku un faktisko re\u0123istr\u0101ciju ir redzamas nekav\u0113joties.<\/li>\n\n\n\n<li><strong>Sp\u0101nija: <em>registro de jornada<\/em>.<\/strong> Oblig\u0101ta ikdienas laika uzskaite ir likum\u0101 kop\u0161 2019. gada (Karaliskais dekr\u0113ts-likums 8\/2019). Ieraksti j\u0101glab\u0101 <strong>\u010detrus gadus<\/strong> un j\u0101dara pieejami darbiniekiem, vi\u0146u p\u0101rst\u0101vjiem un Darba inspekcijai.<\/li>\n<\/ul>\n\n<p class=\"wp-block-paragraph\">Citas valstis pieprasa stingru uzskaiti, nepieprasot konkr\u0113tu platformu \u2013 ta\u010du virz\u012bba ir skaidri v\u0113rsta uz digit\u0101l\u0101m, pret vilto\u0161anu iztur\u012bg\u0101m, arvien re\u0101llaika sist\u0113m\u0101m.<\/p>\n\n<h3 id=\"the-multi-site-problem\" class=\"wp-block-heading\">Vair\u0101ku objektu probl\u0113ma<\/h3>\n\n<p class=\"wp-block-paragraph\">Visgr\u016bt\u0101kais praktiskais izaicin\u0101jums ir darbinieka re\u0123istr\u0101cija, kur\u0161 vien\u0101 dien\u0101 apmekl\u0113 vair\u0101kus objektus. Fiks\u0113ts turnikets pie vieniem v\u0101rtiem to neuztver. Darbojo\u0161\u0101s atbildes: mobil\u0101s\/\u0123eogr\u0101fiski lokaliz\u0113tas re\u0123istr\u0101cijas lietotnes, re\u0123istr\u0101cija katr\u0101 objekt\u0101, kas saist\u012bta ar centr\u0101lo uzskaiti, vai kar\u0161u sist\u0113mas, kas konsolid\u0113 datus no vair\u0101kiem objektiem. B\u016btiskais ir tas, ka <em>darbinieka kop\u0113jais dienas stundu skaits<\/em> tiek prec\u012bzi fiks\u0113ts neatkar\u012bgi no iesaist\u012bto atra\u0161an\u0101s vietu skaita. Veidojiet sist\u0113mu ap personas dienu, nevis ap vieniem v\u0101rtiem.<\/p>\n\n<p class=\"wp-block-paragraph\">\u0160eit speci\u0101li b\u016bvniec\u012bbai paredz\u0113ta programmat\u016bra var nov\u0113rst lielu da\u013cu manu\u0101l\u0101 darba starp objektu un algu apr\u0113\u0137inu.<\/p>\n\n<p class=\"wp-block-paragraph\"><a href=\"https:\/\/remato.com\/lv\/buvniecibas-laika-izsekosanas-programmatura\/\">Remato b\u016bvniec\u012bbas laika uzskaite<\/a> \u013cauj darbiniekiem re\u0123istr\u0113t savu darba laiku no objekta, savuk\u0101rt vad\u012bt\u0101ji var saist\u012bt \u0161\u012bs stundas ar attiec\u012bgo projektu vai objektu un centr\u0101li p\u0101rskat\u012bt darba laika uzskaites lapas. GPS balst\u012bta apmekl\u0113juma p\u0101rbaude var ar\u012b sniegt papildu kontekstu par to, kur tika re\u0123istr\u0113ts darba laiks.<\/p>\n\n<p class=\"wp-block-paragraph\">Darbuz\u0146\u0113m\u0113jiem, kas p\u0101rvalda vair\u0101kus objektus, tas rada daudz t\u012br\u0101ku <strong>laika uzskaites algu apr\u0113\u0137inam<\/strong> darba pl\u016bsmu:<\/p>\n\n<p class=\"wp-block-paragraph\"><strong>darbinieks re\u0123istr\u0113 laiku \u2192 stundas tiek saist\u012btas ar objektu\/projektu \u2192 vad\u012bt\u0101js t\u0101s p\u0101rskata \u2192 apstiprin\u0101t\u0101s stundas ir pieejamas algu apr\u0113\u0137inam<\/strong><\/p>\n\n<p class=\"wp-block-paragraph\">\u0160is savienojums starp <strong>algu apr\u0113\u0137inu un laika uzskaiti<\/strong> ir svar\u012bgs. Algu apr\u0113\u0137inam nevajadz\u0113tu rekonstru\u0113t darbinieka m\u0113nesi no pap\u012bra darba laika uzskaites lap\u0101m, WhatsApp zi\u0146ojumiem, v\u0101rtu piek\u013cuves \u017eurn\u0101liem un izkl\u0101jlap\u0101m. Jo tuv\u0101k apstiprin\u0101tais algu apr\u0113\u0137ina ievads ir s\u0101kotn\u0113jam objekta ierakstam, jo viegl\u0101k ir identific\u0113t tr\u016bksto\u0161\u0101s stundas, ap\u0161aub\u0101mus ierakstus un algu apr\u0113\u0137ina neatbilst\u012bbas, pirms tiek apstr\u0101d\u0101tas algas.<\/p>\n\n<p class=\"wp-block-paragraph\">Remato ce\u013cvedis <a href=\"https:\/\/remato.com\/lv\/blog\/buvniecibas-laika-uzskaites-lietotne-no-buvlaukuma-lidz-birojam-ka-ietaupit-stundas-katru-nedelu-ar-labakam-sistemam\/\">B\u016bvniec\u012bbas laika uzskaite no objekta l\u012bdz birojam: K\u0101 ietaup\u012bt stundas katru ned\u0113\u013cu ar lab\u0101k\u0101m sist\u0113m\u0101m<\/a> s\u012bk\u0101k apl\u016bko \u0161o darba pl\u016bsmu, tostarp to, k\u0101 lauka darbinieki var digit\u0101li re\u0123istr\u0113t laiku un p\u0101rtraukumus un k\u0101 centraliz\u0113ti ieraksti samazina administrat\u012bvo darbu, kas saist\u012bts ar b\u016bvniec\u012bbas darba laika uzskaites lapu apkopo\u0161anu.<\/p>\n\n<h3 id=\"what-no-records-costs-you\" class=\"wp-block-heading\">Cik jums izmaks\u0101 \u201cbez ierakstiem\u201d<\/h3>\n\n<p class=\"wp-block-paragraph\">Darba samaksas vai virsstundu str\u012bd\u0101 tr\u016bksto\u0161ie ieraksti novirza argumentu uz darbinieka stundu uzskaiti. P\u0101rbaud\u0113, ja nav ierakstu vai tie ir neuzticami, tas pats par sevi ir p\u0101rk\u0101pums, par ko tiek piem\u0113roti naudas sodi neatkar\u012bgi no visa cita atrast\u0101, un vair\u0101k\u0101s valst\u012bs \u0161\u012bs summas palielin\u0101s proporcion\u0101li ietekm\u0113to darbinieku skaitam. Slikti ieraksti ar\u012b grauj katru citu aizsardz\u012bbu, ko j\u016bs var\u0113tu izmantot, tostarp pien\u0101c\u012bgas r\u016bp\u012bbas aizsardz\u012bbu pret \u0137\u0113des atbild\u012bbu (6. sada\u013ca). Labi laika uzskaites ieraksti ir pamats, uz kura balst\u0101s visa j\u016bsu atbilst\u012bba.<\/p>\n\n<h2 id=\"pay-and-payroll-fundamentals\" class=\"wp-block-heading\">Darba samaksas un algu apr\u0113\u0137ina pamati<\/h2>\n\n<p class=\"wp-block-paragraph\">Pareiza stundu uzskaite ir puse no darba; pareiza samaksa ir otra puse. \u0160eit p\u0101rkl\u0101jas vair\u0101kas saist\u012bbas.<\/p>\n\n<p class=\"wp-block-paragraph\"><strong>Likum\u0101 noteikt\u0101 minim\u0101l\u0101 alga pret nozares l\u012bgumu minim\u0101laj\u0101m alg\u0101m.<\/strong> Liel\u0101kaj\u0101 da\u013c\u0101 ES valstu ir likum\u0101 noteikta minim\u0101l\u0101 alga, ta\u010du b\u016bvniec\u012bb\u0101 tas bie\u017ei vien <em>nav<\/em> saisto\u0161ais minim\u0101lais l\u012bmenis. Ja uz profesiju attiecas kopl\u012bgums \u2013 \u012bpa\u0161i, ja tas ir padar\u012bts visp\u0101rsaisto\u0161s \u2013 tiek piem\u0113rota l\u012bgum\u0101 noteikt\u0101 (parasti augst\u0101k\u0101) likme. Jums j\u0101maks\u0101 <strong>augst\u0101k\u0101<\/strong> no likum\u0101 noteikt\u0101s minim\u0101l\u0101s algas vai l\u012bguma likmes. Da\u017e\u0101s valst\u012bs \u2013 <strong>Somij\u0101, Zviedrij\u0101, D\u0101nij\u0101, Austrij\u0101, It\u0101lij\u0101 un \u0101rpus ES eso\u0161aj\u0101 Norv\u0113\u0123ij\u0101<\/strong> \u2013 <em>nav<\/em> likum\u0101 noteiktas minim\u0101l\u0101s algas; tur b\u016bvniec\u012bbas kopl\u012bgums ir vien\u012bgais darba samaksas minim\u0101lais l\u012bmenis.<\/p>\n\n<p class=\"wp-block-paragraph\"><strong>Kas juridiski tiek ieskait\u012bts minim\u0101laj\u0101 alg\u0101 un kas n\u0113.<\/strong> \u0160eit sl\u0113pjas nepietiekama samaksa. Minim\u0101l\u0101 alga parasti j\u0101nodro\u0161ina ar <em>pamatalgu par nostr\u0101d\u0101taj\u0101m stund\u0101m<\/em>. Summas, kas atl\u012bdzina darbiniekam nor\u012bko\u0161anas vai darba izmaksas, parasti <strong>nevar<\/strong> tikt ieskait\u012btas minim\u0101laj\u0101 alg\u0101 \u2013 ce\u013ca piemaksas, instrumentu piemaksas un nauda, kas ietur\u0113ta vai iekas\u0113ta par izmitin\u0101\u0161anu, ir bie\u017ei piem\u0113ri. Ce\u013ca piemaksas uzskat\u012b\u0161ana par algu vai izmitin\u0101\u0161anas izmaksu ietur\u0113\u0161ana, lai efekt\u012bv\u0101 alga nokristos zem minim\u0101l\u0101 l\u012bme\u0146a, ir klasisks veids, k\u0101 non\u0101kt pie nepietiekamas samaksas konstat\u0113\u0161anas.<\/p>\n\n<p class=\"wp-block-paragraph\"><strong>Virsstundu piemaksas, atva\u013cin\u0101juma apmaksa un piemaksas.<\/strong> Virsstundas j\u0101apmaks\u0101 ar likum\u0101 vai piem\u0113rojam\u0101 l\u012bgum\u0101 noteikto piemaksu. Apmaks\u0101tam atva\u013cin\u0101jumam j\u0101b\u016bt patiesi apmaks\u0101tam (da\u017e\u0101s valst\u012bs caur nozares fondu \u2013 7. sada\u013ca). L\u012bgum\u0101 noteikt\u0101s piemaksas (objekta, ce\u013ca laika, \u0113din\u0101\u0161anas) ir l\u012bgumsaist\u012bbas, nevis papildu izv\u0113les iesp\u0113jas.<\/p>\n\n<p class=\"wp-block-paragraph\"><strong>Algu lapi\u0146as un rakstiskie noteikumi.<\/strong> <strong>Direkt\u012bva par p\u0101rredzamiem un paredzamiem darba nosac\u012bjumiem (ES 2019\/1152)<\/strong> prasa, lai darbinieki sa\u0146emtu rakstisku inform\u0101ciju par saviem b\u016btiskajiem nosac\u012bjumiem, tostarp par darba samaksu, un valsts ties\u012bbu akti prasa detaliz\u0113tas algu lapi\u0146as. Algu lapi\u0146a ir atbilst\u012bbas dokuments, kuram j\u0101par\u0101da, k\u0101 tika apr\u0113\u0137in\u0101ta alga \u2013 nevis piekl\u0101j\u012bbas \u017eests.<\/p>\n\n<p class=\"wp-block-paragraph\"><strong>Ien\u0101ko\u0161\u0101 P\u0101rredzam\u012bbas direkt\u012bva (ES 2023\/970).<\/strong> Saisto\u0161a no <strong>2026. gada j\u016bnija<\/strong>, t\u0101 pievieno saist\u012bbas attiec\u012bb\u0101 uz algu diapazona atkl\u0101\u0161anu darb\u0101 pie\u0146em\u0161anas proces\u0101, aizliegumu jaut\u0101t kandid\u0101tiem par vi\u0146u algu v\u0113sturi, darbinieku ties\u012bbas uz inform\u0101ciju par algu krit\u0113rijiem un dzimumu atalgojuma at\u0161\u0137ir\u012bbu zi\u0146o\u0161anu liel\u0101kiem darba dev\u0113jiem. T\u0101 p\u0101rvieto pier\u0101d\u012b\u0161anas pien\u0101kumu uz darba dev\u0113ju algu diskrimin\u0101cijas pras\u012bb\u0101s, ja p\u0101rredzam\u012bbas saist\u012bbas netika izpild\u012btas. Pat vid\u0113ja lieluma darbuz\u0146\u0113m\u0113jam jau tagad vajadz\u0113tu kart\u0113t savas algu strukt\u016bras atbilsto\u0161i tai.<\/p>\n\n<h2 id=\"payroll-and-hours-calculation-a-worked-example\" class=\"wp-block-heading\">Algu un stundu apr\u0113\u0137ins \u2013 piem\u0113rs<\/h2>\n\n<p class=\"wp-block-paragraph\">Lab\u0101kais veids, k\u0101 visu iepriek\u0161 min\u0113to padar\u012bt konkr\u0113tu, ir veikt vienu algu apr\u0113\u0137inu no stund\u0101m l\u012bdz neto summai. Zem\u0101k nor\u0101d\u012btie skait\u013ci ir <strong>ilustrat\u012bvi<\/strong> \u2013 prec\u012bzas likmes, sliek\u0161\u0146i un darb\u012bbu sec\u012bba at\u0161\u0137iras atkar\u012bb\u0101 no valsts, t\u0101p\u0113c uzskatiet to par <em>metodes<\/em> modeli, nevis uzzi\u0146u tabulu.<\/p>\n\n<p class=\"wp-block-paragraph\"><strong>Scen\u0101rijs.<\/strong> B\u016bvstr\u0101dnieks, kuram maks\u0101 stundas likmi. \u0160oned\u0113\u013c vi\u0146\u0161 str\u0101d\u0101 piecas dienas:<\/p>\n\n<ul class=\"wp-block-list\">\n<li>L\u012bgum\u0101 noteiktais standarts: 8 stundas\/dien\u0101, 40 stundas\/ned\u0113\u013c\u0101.<\/li>\n\n\n\n<li>Faktiski nostr\u0101d\u0101tas: <strong>45 stundas<\/strong> (5 virsstundas), jo divas dienas bija gar\u0101kas.<\/li>\n\n\n\n<li>Pamata stundas likme: <strong>\u20ac18.00<\/strong>.<\/li>\n\n\n\n<li>Virsstundu piemaksa (no nozares l\u012bguma): <strong>1.5\u00d7<\/strong> par stund\u0101m virs 40\/ned\u0113\u013c\u0101.<\/li>\n\n\n\n<li>Objekta\/ce\u013ca piemaksa: <strong>\u20ac40<\/strong> par ned\u0113\u013cu (atl\u012bdzina ce\u013ca izdevumus starp objektiem \u2013 <strong>netiek<\/strong> ieskait\u012bta minim\u0101laj\u0101 alg\u0101, bet joproj\u0101m tiek maks\u0101ta).<\/li>\n<\/ul>\n\n<p class=\"wp-block-paragraph\"><strong>1. solis: P\u0101rbaudiet stundas atbilsto\u0161i ierobe\u017eojumiem.<\/strong> 45 stundas vien\u0101 ned\u0113\u013c\u0101 ir pie\u0146emami attiec\u012bb\u0101 uz 48 stundu ierobe\u017eojumu <em>\u0161ai ned\u0113\u013cai<\/em>, ta\u010du p\u0101rbaudiet main\u012bgo vid\u0113jo r\u0101d\u012bt\u0101ju vis\u0101 atskaites period\u0101 un apstipriniet, ka ikdienas atp\u016bta (11h) tika iev\u0113rota starp ab\u0101m garaj\u0101m dien\u0101m. Ierakstiet visu; darba laika uzskaites lapa ir pier\u0101d\u012bjums.<\/p>\n\n<p class=\"wp-block-paragraph\"><strong>2. solis: Apr\u0113\u0137iniet bruto algu.<\/strong><\/p>\n\n<figure class=\"wp-block-table\"><table class=\"has-fixed-layout\"><thead><tr><th>Komponente<\/th><th>Apr\u0113\u0137ins<\/th><th>Summa<\/th><\/tr><\/thead><tbody><tr><td>Standarta stundas<\/td><td>40 \u00d7 \u20ac18.00<\/td><td>\u20ac720.00<\/td><\/tr><tr><td>Virsstundas<\/td><td>5 \u00d7 (\u20ac18.00 \u00d7 1.5) = 5 \u00d7 \u20ac27.00<\/td><td>\u20ac135.00<\/td><\/tr><tr><td><strong>Bruto alga par nostr\u0101d\u0101taj\u0101m stund\u0101m<\/strong><\/td><td><\/td><td><strong>\u20ac855.00<\/strong><\/td><\/tr><tr><td>Objekta\/ce\u013ca piemaksa<\/td><td><\/td><td>\u20ac40.00<\/td><\/tr><tr><td><strong>Kop\u0113j\u0101 bruto summa \u0161oned\u0113\u013c<\/strong><\/td><td><\/td><td><strong>\u20ac895.00<\/strong><\/td><\/tr><\/tbody><\/table><\/figure>\n\n<p class=\"wp-block-paragraph\">No t\u0101 <strong>\u20ac855.00<\/strong> ir alga, kurai j\u0101sasniedz minim\u0101l\u0101s algas un l\u012bguma likmes p\u0101rbaudes slieksnis; \u20ac40 piemaksa netiek ieskait\u012bta \u0161aj\u0101 p\u0101rbaud\u0113.<\/p>\n\n<p class=\"wp-block-paragraph\"><strong>3. solis: P\u0101rbaudiet minim\u0101lo l\u012bmeni.<\/strong> Efekt\u012bv\u0101 algu likme = \u20ac855.00 \u00f7 45 stundas = <strong>\u20ac19.00\/stund\u0101<\/strong>. Apstipriniet, ka tas ir vien\u0101ds vai augst\u0101ks par <em>gan<\/em> likum\u0101 noteikto minim\u0101lo, <em>gan<\/em> piem\u0113rojamo b\u016bvniec\u012bbas l\u012bguma likmi \u0161\u012b darbinieka klasifik\u0101cijai. Ja l\u012bguma likme vi\u0146u kategorijai b\u016btu, piem\u0113ram, \u20ac19.50, j\u016bs maks\u0101tu nepietiekami un jums b\u016btu j\u0101piemaks\u0101 \u2013 piemaksa j\u016bs nevar gl\u0101bt.<\/p>\n\n<p class=\"wp-block-paragraph\"><strong>4. solis: Pievienojiet atva\u013cin\u0101juma apmaksu \/ nozares fonda iemaksas.<\/strong> Atkar\u012bb\u0101 no valsts, atva\u013cin\u0101juma apmaksa tiek uzkr\u0101ta un izmaks\u0101ta no j\u016bsu puses vai novirz\u012bta caur nozares fondu. N\u012bderland\u0113 8% atva\u013cin\u0101juma piemaksa tiek uzkr\u0101ta papildus bruto algai. V\u0101cij\u0101 atva\u013cin\u0101juma apmaksa tiek veikta caur <strong>SOKA-BAU<\/strong> aptuveni <strong>15\u201316% apm\u0113r\u0101 no bruto algas<\/strong> (7. sada\u013ca) \u2013 darba dev\u0113ja izmaksas, kas jums j\u0101iek\u013cauj bud\u017eet\u0101 un j\u0101p\u0101rskaita, pat nor\u012bkotiem darbiniekiem.<\/p>\n\n<p class=\"wp-block-paragraph\"><strong>5. solis: Piem\u0113rojiet darba dev\u0113ja soci\u0101l\u0101s apdro\u0161in\u0101\u0161anas un nodevas.<\/strong> Papildus bruto algai darba dev\u0113js ir par\u0101d\u0101 soci\u0101l\u0101s apdro\u0161in\u0101\u0161anas un saist\u012bt\u0101s iemaksas. T\u0101s iev\u0113rojami at\u0161\u0137iras: reprezentat\u012bv\u0101 b\u016bvniec\u012bbas nozares darba dev\u0113ja noslodze bie\u017ei vien ir aptuveni <strong>18\u201332% no bruto algas<\/strong> (piem\u0113ram, N\u012bderland\u0113 ~18\u201322%, Sp\u0101nij\u0101 ~30%). T\u0101tad <em>paties\u0101s izmaksas uz\u0146\u0113mumam<\/em> \u0161aj\u0101 ned\u0113\u013c\u0101 nav \u20ac895 \u2013 t\u0101s ir aptuveni bruto alga + atva\u013cin\u0101juma uzkr\u0101jums + darba dev\u0113ja iemaksas, kas var palielin\u0101t piln\u0101s izmaksas <strong>par 25\u201345% virs nor\u0101d\u012bt\u0101s bruto algas<\/strong>. \u0160ai \u201cizmaksas likmei\u201d vajadz\u0113tu b\u016bt pamat\u0101 j\u016bsu projektu pied\u0101v\u0101jumiem.<\/p>\n\n<p class=\"wp-block-paragraph\"><strong>6. solis: Ieturiet darbinieka iemaksas un nodok\u013cus, lai sasniegtu neto summu.<\/strong> No darbinieka bruto algas ieturiet darbinieka soci\u0101l\u0101s apdro\u0161in\u0101\u0161anas iemaksas un ien\u0101kuma nodok\u013ca ietur\u0113jumus saska\u0146\u0101 ar valsts noteikumiem, lai sasniegtu neto algu. Valst\u012bs, kur\u0101s ir 14 maks\u0101jumi, piem\u0113ram, Sp\u0101nij\u0101 un Grie\u0137ij\u0101, gada summa tiek sadal\u012bta 14 da\u013c\u0101s, kas maina ikm\u0113ne\u0161a apr\u0113\u0137inus.<\/p>\n\n<p class=\"wp-block-paragraph\"><strong>7. solis: Sagatavojiet algu lapi\u0146u.<\/strong> Taj\u0101 j\u0101b\u016bt detaliz\u0113ti nor\u0101d\u012btam: standarta stundas un likme, virsstundas un likme, piemaksas, bruto alga, katrs ietur\u0113jums, darba dev\u0113ja iemaksas, ja t\u0101s ir nor\u0101d\u012btas, un neto alga.<\/p>\n\n<h3 id=\"how-do-you-calculate-time-for-payroll\" class=\"wp-block-heading\">K\u0101 apr\u0113\u0137in\u0101t laiku algu apr\u0113\u0137inam?<\/h3>\n\n<p class=\"wp-block-paragraph\">Stundas likmes b\u016bvstr\u0101dniekiem praktiskais process ir s\u0101kt ar apstiprin\u0101tiem ikdienas laika uzskaites ierakstiem, nevis ar l\u012bgum\u0101 noteikto grafiku.<\/p>\n\n<p class=\"wp-block-paragraph\">Vispirms saskaitiet darbinieka parast\u0101s stundas par algu apr\u0113\u0137ina periodu. P\u0113c tam atdaliet visas stundas, kur\u0101m nepiecie\u0161ama at\u0161\u0137ir\u012bga apstr\u0101de, piem\u0113ram, virsstundas, nakts darbs, ned\u0113\u013cas nogales, valsts sv\u0113tku dienas, apmaks\u0101ts ce\u013cojums vai citas piemaksu kategorijas. Piem\u0113rojiet pareizo likmi vai reizin\u0101t\u0101ju katrai kategorijai un pievienojiet visas apliekam\u0101s piemaksas vai citu atl\u012bdz\u012bbu.<\/p>\n\n<p class=\"wp-block-paragraph\">Vienk\u0101r\u0161i sakot:<\/p>\n\n<blockquote class=\"wp-block-quote is-layout-flow wp-block-quote-is-layout-flow\">\n<p class=\"wp-block-paragraph\"><strong>apstiprin\u0101t\u0101s stundas \u00d7 piem\u0113rojam\u0101s likmes + piemaksas + pabalsti = bruto alga<\/strong><\/p>\n<\/blockquote>\n\n<p class=\"wp-block-paragraph\">No t\u0101 atskaitiet nepiecie\u0161amos nodok\u013cus, soci\u0101l\u0101s apdro\u0161in\u0101\u0161anas iemaksas un citus likum\u012bgos ietur\u0113jumus, lai sasniegtu neto algu.<\/p>\n\n<p class=\"wp-block-paragraph\">Svar\u012bgi ir tas, ka <strong>nostr\u0101d\u0101to stundu zi\u0146o\u0161anai<\/strong> un algu apr\u0113\u0137inam j\u0101izmanto vieni un tie pa\u0161i pamat\u0101 eso\u0161ie ieraksti. Ja vad\u012bt\u0101js apstiprina 45 stundas, bet algu apr\u0113\u0137ins apstr\u0101d\u0101 40, neatbilst\u012bba j\u0101identific\u0113 pirms maks\u0101juma, nevis j\u0101atkl\u0101j v\u0113l\u0101k darbinieka s\u016bdz\u012bbas vai p\u0101rbaudes laik\u0101.<\/p>\n\n<p class=\"wp-block-paragraph\">Skait\u013ciem vienm\u0113r j\u0101sakr\u012bt:<\/p>\n\n<blockquote class=\"wp-block-quote is-layout-flow wp-block-quote-is-layout-flow\">\n<p class=\"wp-block-paragraph\"><strong>re\u0123istr\u0113t\u0101s stundas \u00d7 piem\u0113rojam\u0101s algu likmes + piemaksas \u2013 likum\u012bgie ietur\u0113jumi = faktiski izmaks\u0101t\u0101 neto summa.<\/strong><\/p>\n<\/blockquote>\n\n<p class=\"wp-block-paragraph\">M\u0101c\u012bba no visa procesa: virsrakst\u0101 nor\u0101d\u012bt\u0101 stundas likme ir tikai neliela da\u013ca no kopainas. Virsstundu aktiviz\u0113t\u0101ji, kas tiek ieskait\u012bts minim\u0101laj\u0101 alg\u0101, atva\u013cin\u0101juma\/fonda iemaksas un darba dev\u0113ja noslodzes likme ir tie punkti, kur tiek g\u016bta vai zaud\u0113ta atbilst\u012bba \u2013 un kur pied\u0101v\u0101jumi tiek pareizi vai posto\u0161i nov\u0113rt\u0113ti.<\/p>\n\n<h2 id=\"subcontractor-and-chain-liability\" class=\"wp-block-heading\">Apak\u0161uz\u0146\u0113m\u0113ju un \u0137\u0113des atbild\u012bba<\/h2>\n\n<p class=\"wp-block-paragraph\">\u0160\u012b ir sada\u013ca, kas galvenajiem darbuz\u0146\u0113m\u0113jiem liek nomod\u0101, un pamatoti. B\u016bvniec\u012bb\u0101 likums \u013cauj darbiniekam, kuram netika samaks\u0101ts, v\u0113rsties <em>aug\u0161up<\/em> pa l\u012bgumu \u0137\u0113di.<\/p>\n\n<p class=\"wp-block-paragraph\"><strong>ES pamatl\u012bmenis.<\/strong> Saska\u0146\u0101 ar <strong>Izpildes direkt\u012bvu (2014\/67\/ES, 12. pants)<\/strong>, b\u016bvniec\u012bbas darb\u012bb\u0101m katrai dal\u012bbvalstij j\u0101nodro\u0161ina, ka nor\u012bkots darbinieks, kuram tie\u0161ais darba dev\u0113js nav samaks\u0101jis pien\u0101c\u012bgu algu, var saukt pie atbild\u012bbas <strong>darbuz\u0146\u0113m\u0113ju, kas ir par vienu l\u012bmeni augst\u0101k<\/strong>, par tr\u016bksto\u0161o summu, papildus vai t\u0101 viet\u0101, lai sauktu pie atbild\u012bbas darba dev\u0113ju. Tas ir oblig\u0101tais minimums. Daudzas valstis iet t\u0101l\u0101k un var noteikt galven\u0101 uz\u0146\u0113m\u0113ja atbild\u012bbu par apak\u0161uz\u0146\u0113m\u0113ja nesamaks\u0101taj\u0101m minim\u0101laj\u0101m alg\u0101m, atva\u013cin\u0101juma fonda un soci\u0101l\u0101s apdro\u0161in\u0101\u0161anas iemaks\u0101m, algu nodok\u013ciem un sodiem, kas saist\u012bti ar nedeklar\u0113tu darbu.<\/p>\n\n<p class=\"wp-block-paragraph\"><strong>Cik dzi\u013ci tas sniedzas, at\u0161\u0137iras atkar\u012bb\u0101 no valsts:<\/strong><\/p>\n\n<figure class=\"wp-block-table\"><table class=\"has-fixed-layout\"><thead><tr><th>Valsts<\/th><th>Dzi\u013cums<\/th><th>Instruments<\/th><\/tr><\/thead><tbody><tr><td><strong>V\u0101cija<\/strong><\/td><td>Visa \u0137\u0113de \u2013 <em>B\u00fcrgenhaftung<\/em> (galvot\u0101ja atbild\u012bba); atl\u012bdz\u012bbas klauzulas to nevar atcelt<\/td><td>AEntG<\/td><\/tr><tr><td><strong>Francija<\/strong><\/td><td>Visa apak\u0161uz\u0146\u0113m\u0113ju \u0137\u0113de<\/td><td>Valsts ties\u012bbu akti<\/td><\/tr><tr><td><strong>Austrija<\/strong><\/td><td>Attiecas uz klientu, ne tikai uz tie\u0161o darba dev\u0113ju<\/td><td>Valsts ties\u012bbu akti<\/td><\/tr><tr><td><strong>It\u0101lija<\/strong><\/td><td>Galven\u0101 uz\u0146\u0113m\u0113ja solid\u0101r\u0101 atbild\u012bba par darba samaksas un soci\u0101l\u0101s apdro\u0161in\u0101\u0161anas saist\u012bb\u0101m; nav izsl\u0113dzama ar l\u012bgumu<\/td><td>Valsts ties\u012bbu akti<\/td><\/tr><tr><td><strong>N\u012bderlande<\/strong><\/td><td>Dzi\u013ca \u0137\u0113des atbild\u012bba<\/td><td>WKA (nodok\u013ci\/iemaksas) + WAS (algas)<\/td><\/tr><tr><td><strong>Sp\u0101nija<\/strong><\/td><td>Solid\u0101ra, ar ierobe\u017eojumiem apak\u0161uz\u0146\u0113m\u0113ju l\u012bme\u0146iem<\/td><td>Darba likuma 42. pants + Likums 32\/2006<\/td><\/tr><tr><td><strong>Somija<\/strong><\/td><td>Pien\u0101c\u012bgas r\u016bp\u012bbas pien\u0101kumi iesaist\u012btajai pusei<\/td><td>L\u012bgumsl\u0113dz\u0113ja pien\u0101kumu likums (<em>tilaajavastuulaki<\/em>)<\/td><\/tr><tr><td><strong>Norv\u0113\u0123ija<\/strong><\/td><td>Solid\u0101r\u0101 atbild\u012bba par alg\u0101m saska\u0146\u0101 ar visp\u0101rsaisto\u0161iem kopl\u012bgumiem<\/td><td><em>Solidaransvar<\/em><\/td><\/tr><\/tbody><\/table><\/figure>\n\n<p class=\"wp-block-paragraph\"><strong>Pien\u0101c\u012bgas r\u016bp\u012bbas aizsardz\u012bba.<\/strong> Vair\u0101kos re\u017e\u012bmos darbuz\u0146\u0113m\u0113js, kur\u0161 ir veicis patiesu pien\u0101c\u012bgu r\u016bp\u012bbu attiec\u012bb\u0101 uz saviem apak\u0161uz\u0146\u0113m\u0113jiem, var aizst\u0101v\u0113t vai ierobe\u017eot savu atbild\u012bbu. T\u0101p\u0113c p\u0101rbaude nav tikai \u0137eks\u012b\u0161a atz\u012bm\u0113\u0161ana \u2013 t\u0101 ir j\u016bsu faktisk\u0101 aizsardz\u012bba. Ta\u010du \u0146emiet v\u0113r\u0101 V\u0101cijas m\u0101c\u012bbu: da\u017e\u0101s valst\u012bs likum\u0101 noteikt\u0101 atbild\u012bba ir gandr\u012bz stingra, un l\u012bguma klauzula, kas saka \u201capak\u0161uz\u0146\u0113m\u0113js m\u016bs atl\u012bdzina\u201d, j\u016bs <em>neizgl\u0101bs<\/em>. Ziniet, k\u0101d\u0101 re\u017e\u012bm\u0101 j\u016bs atrodaties.<\/p>\n\n<p class=\"wp-block-paragraph\"><strong>L\u012bguma klauzulas \u2013 kas darbojas un kas n\u0113.<\/strong> Atl\u012bdz\u012bbas un kask\u0101des klauzulas ir v\u0113rt\u012bgas (t\u0101s \u013cauj jums atg\u016bt zaud\u0113jumus <em>no<\/em> apak\u0161uz\u0146\u0113m\u0113ja, ja apak\u0161uz\u0146\u0113m\u0113js joproj\u0101m ir maks\u0101tsp\u0113j\u012bgs), ta\u010du t\u0101s <strong>neizsl\u0113dz<\/strong> j\u016bsu atbild\u012bbu <em>pret darbinieku vai valsti<\/em>, ja likums to padara neizsl\u0113dzamu. Klauzulas, kas patiesi pal\u012bdz, ir t\u0101s, kas dod jums <em>kontroli un pier\u0101d\u012bjumus<\/em>: ties\u012bbas iepaz\u012bties ar apak\u0161uz\u0146\u0113m\u0113ja algu apr\u0113\u0137ina un laika uzskaites ierakstiem, piepras\u012bt pier\u0101d\u012bjumus par algu izmaksu un soci\u0101l\u0101s apdro\u0161in\u0101\u0161anas iemaksu veik\u0161anu pirms maks\u0101juma veik\u0161anas, veikt auditu un ietur\u0113t vai p\u0101rtraukt l\u012bgumu neatbilst\u012bbas gad\u012bjum\u0101.<\/p>\n\n<p class=\"wp-block-paragraph\"><strong>Praktisks p\u0101rbaudes process.<\/strong><\/p>\n\n<p class=\"wp-block-paragraph\"><em>Pirms apak\u0161uz\u0146\u0113m\u0113ja piesaist\u012b\u0161anas:<\/em><\/p>\n\n<ul class=\"wp-block-list\">\n<li>p\u0101rbaudiet t\u0101 juridisko, nodok\u013cu un soci\u0101l\u0101s apdro\u0161in\u0101\u0161anas\/darba dev\u0113ja re\u0123istr\u0101ciju un tirdzniec\u012bbas v\u0113sturi;<\/li>\n\n\n\n<li>apstipriniet der\u012bgus A1 sertifik\u0101tus visiem nor\u012bkotajiem darbiniekiem;<\/li>\n\n\n\n<li>p\u0101rbaudiet to pret j\u016bsu valsts nodro\u0161in\u0101tajiem atbilst\u012bbas re\u0123istriem (Somijas <em>tilaajavastuu<\/em> p\u0101rbaudes ir form\u0101ls piem\u0113rs);<\/li>\n\n\n\n<li>apstipriniet piem\u0113rojamo kopl\u012bgumu un algu likmes;<\/li>\n\n\n\n<li>ieg\u016bstiet paredzamo person\u0101la sarakstu, darba at\u013caujas\/uztur\u0113\u0161an\u0101s ties\u012bbas, nor\u012bko\u0161anas deklar\u0101cijas un algu klasifik\u0101cijas.<\/li>\n<\/ul>\n\n<p class=\"wp-block-paragraph\"><em>Projekta laik\u0101:<\/em><\/p>\n\n<ul class=\"wp-block-list\">\n<li>pieprasiet periodiskus pier\u0101d\u012bjumus par algu izmaksu un iemaksu veik\u0161anu;<\/li>\n\n\n\n<li>saistiet maks\u0101jumu posmus ar \u0161iem pier\u0101d\u012bjumiem;<\/li>\n\n\n\n<li>saglab\u0101jiet savus veikto p\u0101rbau\u017eu ierakstus;<\/li>\n\n\n\n<li>rea\u0123\u0113jiet uz sarkanajiem karogiem \u2013 darbinieku s\u016bdz\u012bb\u0101m par nemaks\u0101\u0161anu, p\u0113k\u0161\u0146\u0101m darbasp\u0113ka izmai\u0146\u0101m, atteikumu uzr\u0101d\u012bt ierakstus.<\/li>\n<\/ul>\n\n<p class=\"wp-block-paragraph\">Vis\u0101 proces\u0101 iev\u0113rojiet datu aizsardz\u012bbas noteikumus: pieprasiet tikai nepiecie\u0161amo, kontrol\u0113jiet piek\u013cuvi un neglab\u0101jiet p\u0101rm\u0113r\u012bgus personas algu datus. Dokument\u0113ta, nep\u0101rtraukta pien\u0101c\u012bga r\u016bp\u012bba ir gan laba operat\u012bv\u0101 prakse, gan, ja pieejama, j\u016bsu juridiskais vairogs.<\/p>\n\n<h2 id=\"collective-agreements-in-construction\" class=\"wp-block-heading\">Kopl\u012bgumi b\u016bvniec\u012bb\u0101<\/h2>\n\n<p class=\"wp-block-paragraph\">Liel\u0101 da\u013c\u0101 Eiropas stat\u016bti ir tikai puse no st\u0101sta \u2013 b\u016bvniec\u012bbas <strong>kopl\u012bgums (CBA)<\/strong> nosaka algu likmes, piemaksas, virsstundu noteikumus un nosac\u012bjumus, kas j\u016bs faktiski saista.<\/p>\n\n<p class=\"wp-block-paragraph\"><strong>Kopl\u012bgumi nosaka re\u0101lo minim\u0101lo l\u012bmeni.<\/strong> Ja tiek piem\u0113rots b\u016bvniec\u012bbas kopl\u012bgums, tas parasti nosaka minim\u0101lo algu p\u0113c darbinieku klasifik\u0101cijas (str\u0101dnieks, kvalific\u0113ts amatnieks, meistars), k\u0101 ar\u012b objekta piemaksas, ce\u013ca laika noteikumus, virsstundu reizin\u0101t\u0101jus un bie\u017ei vien papildu pabalstus. J\u016bs piem\u0113rojat <strong>augst\u0101ko no stat\u016btiem vai l\u012bguma<\/strong> \u2013 likum\u0101 noteikt\u0101 minim\u0101l\u0101 alga nekad nav griesti, ko varat izmantot, lai samazin\u0101tu kopl\u012bguma likmi.<\/p>\n\n<p class=\"wp-block-paragraph\"><strong>Visp\u0101rsaisto\u0161i l\u012bgumi.<\/strong> Daudz\u0101s valst\u012bs b\u016bvniec\u012bbas kopl\u012bgumu var pasludin\u0101t par <em>visp\u0101rsaisto\u0161u<\/em> (<em>erga omnes<\/em>), kas noz\u012bm\u0113, ka tas attiecas uz <strong>katru<\/strong> darba dev\u0113ju \u0161aj\u0101 nozar\u0113 attiec\u012bgaj\u0101 valst\u012b \u2013 tostarp \u0101rvalstu uz\u0146\u0113mumiem, kas nor\u012bko darbiniekus \u2013 neatkar\u012bgi no t\u0101, vai tie to ir parakst\u012bju\u0161i vai pieder parakst\u012bt\u0101jai asoci\u0101cijai. Somija, Norv\u0113\u0123ija (<em>allmenngj\u00f8ring<\/em>), N\u012bderlande, Francija un citas valstis izmanto \u0161o meh\u0101nismu. Ja j\u016bs darbojaties \u0161\u0101d\u0101 valst\u012b, \u201cm\u0113s neesam \u0161\u012bs asoci\u0101cijas biedri\u201d ir nenoz\u012bm\u012bgi: l\u012bgums joproj\u0101m j\u016bs saista.<\/p>\n\n<p class=\"wp-block-paragraph\"><strong>Nozares fondi \u2013 SOKA-BAU piem\u0113rs.<\/strong> Da\u017eas valstis b\u016bvstr\u0101dnieku atva\u013cin\u0101juma apmaksu un da\u017ereiz pensijas un apm\u0101c\u012bbas nodevas novirza caur specializ\u0113tiem nozares fondiem, nevis atst\u0101j t\u0101s pie individu\u0101l\u0101 darba dev\u0113ja. Klasisks gad\u012bjums ir V\u0101cijas <strong>SOKA-BAU<\/strong>. T\u0101 k\u0101 b\u016bvstr\u0101dnieki bie\u017ei maina objektus un darba dev\u0113jus un nevar str\u0101d\u0101t ziem\u0101, fonds apvieno atva\u013cin\u0101juma ties\u012bbas, lai t\u0101s netiktu zaud\u0113tas. Katram darba dev\u0113jam, kas veic b\u016bvniec\u012bbas darbus V\u0101cij\u0101 \u2013 <em>tostarp \u0101rvalstu uz\u0146\u0113mumiem, kas nor\u012bko darbiniekus<\/em> \u2013 j\u0101re\u0123istr\u0113jas un j\u0101iemaks\u0101 aptuveni <strong>15\u201316% no bruto algas<\/strong> (atva\u013cin\u0101juma un profesion\u0101l\u0101s apm\u0101c\u012bbas fondi; likme nedaudz at\u0161\u0137iras starp Rietumv\u0101ciju un Austrumv\u0101ciju). Tas veic ikm\u0113ne\u0161a p\u0101rskait\u012bjumus un atl\u012bdzina darbiniekam atva\u013cin\u0101juma apmaksu. L\u012bdz\u012bgi parit\u0101tes fondi past\u0101v ar\u012b citur: <strong>Austrijas BUAK, Francijas CIBTP, It\u0101lijas Casse Edili<\/strong>, k\u0101 ar\u012b Be\u013c\u0123ijas un D\u0101nijas ekvivalenti, ar savstarp\u0113jas atz\u012b\u0161anas vieno\u0161an\u0101m, kas var j\u016bs atbr\u012bvot, ja jau veicat iemaksas sal\u012bdzin\u0101m\u0101 fond\u0101 sav\u0101 valst\u012b. P\u0101rsteiguma SOKA-BAU r\u0113\u0137ini ir bie\u017es un d\u0101rgs \u0161oks uz\u0146\u0113mumiem, kas nor\u012bko darbiniekus, kuri nebija tos iek\u013c\u0101vu\u0161i bud\u017eet\u0101.<\/p>\n\n<p class=\"wp-block-paragraph\"><strong>K\u0101 las\u012bt un piem\u0113rot kopl\u012bgumu.<\/strong> Identific\u0113jiet pareizo l\u012bgumu profesijai un atra\u0161an\u0101s vietai; atrodiet darbinieka klasifik\u0101ciju un t\u0101s likmi; \u0146emiet v\u0113r\u0101 piemaksas un virsstundu noteikumus; p\u0101rbaudiet, vai tas ir visp\u0101rsaisto\u0161s (t\u0101tad tas attiecas neatkar\u012bgi no dal\u012bbas); un apstipriniet, vai nozares fonds apstr\u0101d\u0101 atva\u013cin\u0101jumu\/pensiju, lai j\u016bs pareizi veiktu iemaksas. P\u0113c tam vienm\u0113r maks\u0101jiet augst\u0101ko no \u0161\u012bs likmes vai likum\u0101 noteikt\u0101s minim\u0101l\u0101s algas. Nepareiza l\u012bguma las\u012b\u0161ana \u2013 nepareiza klasifik\u0101cija, neatbilsto\u0161a piemaksa, nepaman\u012bts fonds \u2013 ir bie\u017ea un d\u0101rga k\u013c\u016bda.<\/p>\n\n<h2 id=\"building-your-compliance-system\" class=\"wp-block-heading\">Atbilst\u012bbas sist\u0113mas izveide<\/h2>\n\n<p class=\"wp-block-paragraph\">Viss iepriek\u0161 min\u0113tais k\u013c\u016bst re\u0101ls tikai tad, ja j\u016bs to operacionaliz\u0113jat.<\/p>\n\n<p class=\"wp-block-paragraph\"><strong>Glab\u0101jamie dokumenti \u2013 un cik ilgi.<\/strong> Izveidojiet dokumentu kopumu, kas aptver vismaz: darba l\u012bgumus un rakstiskus noteikumu pazi\u0146ojumus; ikdienas laika uzskaites ierakstus; algu lapi\u0146as un algu re\u0123istrus; pier\u0101d\u012bjumus par algu izmaksu un soci\u0101l\u0101s apdro\u0161in\u0101\u0161anas iemaksu veik\u0161anu; A1 sertifik\u0101tus un nor\u012bko\u0161anas pazi\u0146ojumus p\u0101rrobe\u017eu darbiniekiem; apak\u0161uz\u0146\u0113m\u0113ju pien\u0101c\u012bgas r\u016bp\u012bbas ierakstus; un kopl\u012bguma\/nozares fonda saraksti. Glab\u0101\u0161anas periodi tiek noteikti valsts l\u012bmen\u012b un at\u0161\u0137iras \u2013 Sp\u0101nija prasa laika uzskaites ierakstus glab\u0101t <strong>\u010detrus gadus<\/strong>; Polijas person\u0101la\/algu uzskaites glab\u0101\u0161ana ilgst aptuveni <strong>desmit gadus<\/strong>; darba laika uzskaites ieraksti citur var b\u016bt \u012bs\u0101ki \u2013 <strong>divi\u2013tr\u012bs gadi<\/strong>. \u0160aubu gad\u012bjum\u0101 glab\u0101jiet ilg\u0101k un apstipriniet prec\u012bzu periodu katrai valstij.<\/p>\n\n<p class=\"wp-block-paragraph\"><strong>Atbilst\u012bbas kalend\u0101rs.<\/strong> Kart\u0113jiet atk\u0101rtotos termi\u0146us: algu apr\u0113\u0137ina veik\u0161ana; soci\u0101l\u0101s apdro\u0161in\u0101\u0161anas un nodok\u013cu deklar\u0101ciju iesnieg\u0161ana; nozares fonda ikm\u0113ne\u0161a p\u0101rskati un maks\u0101jumi (SOKA-BAU ikm\u0113ne\u0161a termi\u0146i); nor\u012bko\u0161anas pazi\u0146ojumi pirms p\u0101rrobe\u017eu komandu mobiliz\u0113\u0161anas; minim\u0101l\u0101s algas paaugstin\u0101\u0161anas datumi (liel\u0101kaj\u0101 da\u013c\u0101 valstu katru janv\u0101ri, N\u012bderland\u0113 ar\u012b j\u016blij\u0101, Grie\u0137ij\u0101 ap apr\u012bli); un periodiskas apak\u0161uz\u0146\u0113m\u0113ju atk\u0101rtotas p\u0101rbaudes. Nokav\u0113tie termi\u0146i ir nov\u0113r\u0161ami p\u0101rk\u0101pumi.<\/p>\n\n<p class=\"wp-block-paragraph\"><strong>Gatav\u012bba auditam.<\/strong> Pie\u0146emiet, ka p\u0101rbaude var notikt r\u012bt. Vai j\u016bs p\u0113c piepras\u012bjuma varat \u0101tri un salas\u0101mi uzr\u0101d\u012bt jebkuram nosauktajam darbiniekam vi\u0146a l\u012bgumu, vi\u0146a ikdienas stundas par attiec\u012bgo periodu, vi\u0146a algu lapi\u0146as un pier\u0101d\u012bjumus, ka vi\u0146am tika pareizi samaks\u0101ts? Ja \u0161\u012bs inform\u0101cijas ieg\u016b\u0161ana prasa dienas ilgu mekl\u0113\u0161anu, j\u016bs neesat gatavs auditam. Veiciet neregul\u0101ras iek\u0161\u0113j\u0101s izm\u0113\u0123in\u0101juma p\u0101rbaudes.<\/p>\n\n<p class=\"wp-block-paragraph\"><strong>R\u012bki un programmat\u016bra.<\/strong> Vair\u0101ku objektu, vair\u0101ku jurisdikciju realit\u0101te p\u0101rsniedz izkl\u0101jlapu iesp\u0113jas p\u0113c noteikta apjoma. Mekl\u0113jiet laika uzskaites sist\u0113mu, kas ir mobila, \u0123eogr\u0101fiski lokaliz\u0113ta un pret vilto\u0161anu iztur\u012bga; algu apr\u0113\u0137ina sist\u0113mu, kas apstr\u0101d\u0101 virsstundu noteikumus, piemaksas, nozares fonda iemaksas un vair\u0101ku valstu likmes; un dokumentu p\u0101rvald\u012bbas sist\u0113mu, kas saista ierakstus ar darbinieku un objektu. M\u0113r\u0137is ir sist\u0113ma, kur\u0101 atbilst\u012bgs ieraksts tiek autom\u0101tiski izveidots k\u0101 norm\u0101la darba blakusprodukts, nevis salikts ar roku p\u0113c tam.<\/p>\n\n<p class=\"wp-block-paragraph\"><strong>Kam kas pieder.<\/strong> Skaidri sadaliet atbild\u012bbu:<\/p>\n\n<ul class=\"wp-block-list\">\n<li><strong>Objektu vad\u012bt\u0101ji<\/strong> \u2013 prec\u012bza ikdienas laika uzskaite un atp\u016btas atbilst\u012bba objekt\u0101.<\/li>\n\n\n\n<li><strong>Algu apr\u0113\u0137ins\/person\u0101lvad\u012bba<\/strong> \u2013 pareizs algu apr\u0113\u0137ins, algu lapi\u0146as, deklar\u0101cijas un glab\u0101\u0161ana.<\/li>\n\n\n\n<li><strong>Komerci\u0101l\u0101\/iepirkumu noda\u013ca<\/strong> \u2013 apak\u0161uz\u0146\u0113m\u0113ju p\u0101rbaude un kask\u0101des klauzulas.<\/li>\n\n\n\n<li><strong>Nosaukta augst\u0101k\u0101 amatpersona<\/strong> \u2013 visp\u0101r\u0113j\u0101 atbilst\u012bba un reakcija uz p\u0101rbaud\u0113m.<\/li>\n<\/ul>\n\n<p class=\"wp-block-paragraph\">Nenoteikta atbild\u012bba ir neizpild\u012bta atbild\u012bba.<\/p>\n\n<h3 id=\"from-approved-hours-to-payroll-reports-with-remato\" class=\"wp-block-heading\">No apstiprin\u0101t\u0101m stund\u0101m l\u012bdz algu apr\u0113\u0137ina p\u0101rskatiem ar Remato<\/h3>\n\n<p class=\"wp-block-paragraph\">Digit\u0101lais laika uzskaites ieraksts k\u013c\u016bst v\u0113rt\u012bg\u0101ks, ja birojs var p\u0101rv\u0113rst inform\u0101ciju izmantojam\u0101 darba laika uzskaites lap\u0101 vai p\u0101rskat\u0101, atk\u0101rtoti neievadot t\u0101s pa\u0161as stundas.<\/p>\n\n<p class=\"wp-block-paragraph\">Remato apvieno b\u016bvniec\u012bbas laika uzskaiti ar projektu un uzdevumu inform\u0101ciju, \u013caujot uz\u0146\u0113mumiem redz\u0113t, kas str\u0101d\u0101ja, kur str\u0101d\u0101ja un cik ilgi darbs ilga. T\u0101 darba laika uzskaites un p\u0101rskatu funkcionalit\u0101ti p\u0113c tam var izmantot, lai sagatavotu darba laika inform\u0101ciju algu apr\u0113\u0137inam un projektu izmaksu p\u0101rskat\u012b\u0161anai.<\/p>\n\n<p class=\"wp-block-paragraph\">Tas ir \u012bpa\u0161i noder\u012bgi, ja jums ir nepiecie\u0161ams <strong>\u0123ener\u0113t algu apr\u0113\u0137ina p\u0101rskata<\/strong> datus par vair\u0101kiem darbiniekiem vai objektiem. T\u0101 viet\u0101, lai l\u016bgtu vad\u012bt\u0101jiem atk\u0101rtoti ievad\u012bt ikned\u0113\u013cas kopsummas, uz\u0146\u0113mums vispirms var p\u0101rskat\u012bt pamata laika uzskaites datus un p\u0113c tam izmantot apstiprin\u0101to inform\u0101ciju algas apr\u0113\u0137in\u0101\u0161anai.<\/p>\n\n<p class=\"wp-block-paragraph\">Neatkar\u012bgi no t\u0101, vai j\u016bsu iek\u0161\u0113j\u0101 terminolo\u0123ija ir <strong>izveidot algu atskaiti<\/strong>, <strong>sagatavot algu atskaiti<\/strong>, eksport\u0113t darba laika uzskaites lapas vai sagatavot algu stundas, kontroles principam j\u0101paliek nemain\u012bgam:<\/p>\n\n<blockquote class=\"wp-block-quote is-layout-flow wp-block-quote-is-layout-flow\">\n<p class=\"wp-block-paragraph\"><strong>Atskaite j\u0101\u0123ener\u0113 no apstiprin\u0101tiem darba laika datiem, nevis j\u0101veido atsevi\u0161\u0137i no atmi\u0146as vai manu\u0101li j\u0101rekonstru\u0113 algu apr\u0113\u0137ina termi\u0146a beig\u0101s.<\/strong><\/p>\n<\/blockquote>\n\n<p class=\"wp-block-paragraph\">Tas ar\u012b uzlabo audita p\u0113das, jo uz\u0146\u0113mums var izsekot algas r\u0101d\u012bt\u0101jam atpaka\u013c no atskaites l\u012bdz darbiniekam, projektam, datumiem un s\u0101kotn\u0113jiem laika ierakstiem.<\/p>\n\n<p class=\"wp-block-paragraph\">Lai ieg\u016btu praktisku piem\u0113ru, k\u0101p\u0113c tas ir svar\u012bgi vair\u0101kos projektos, Remato raksts <a href=\"https:\/\/remato.com\/lv\/blog\/ka-parvaldit-vairakus-buvlaukumus-neatrodoties-visur-vienlaikus\/\">K\u0101 p\u0101rvald\u012bt vair\u0101kus b\u016bvlaukumus, neatrodoties visur<\/a> izskaidro, k\u0101 laika sasaiste ar objektiem un uzdevumiem sniedz vad\u012bt\u0101jiem ikdienas p\u0101rskatu par to, kur\u0161, kur un cik ilgi str\u0101d\u0101ja.<\/p>\n\n<p class=\"wp-block-paragraph\">Objektiem ar nestabilu savienojumu ir aktu\u0101ls ar\u012b t\u0101 ce\u013cvedis <a href=\"https:\/\/remato.com\/lv\/blog\/ka-uzticama-bezsaistes-laika-izsekosanas-programmatura-palidz-celtnieku-komandam-ieverot-grafiku\/\">K\u0101 uzticama bezsaistes laika uzskaites programmat\u016bra pal\u012bdz b\u016bvniec\u012bbas brig\u0101d\u0113m iev\u0113rot grafiku<\/a>: darbinieki var re\u0123istr\u0113t savu s\u0101kumu un beigas pat bez akt\u012bva interneta savienojuma, inform\u0101ciju sinhroniz\u0113jot, kad savienojums atjaunojas.<\/p>\n\n<h2 id=\"country-toolkit\" class=\"wp-block-heading\">Valstu r\u012bkkopa<\/h2>\n\n<p class=\"wp-block-paragraph\">Vienas lapas atsauces par \u0161eit apl\u016bkotaj\u0101m valst\u012bm. <strong>P\u0101rbaudiet pirms pa\u013cau\u0161an\u0101s<\/strong> \u2014 skait\u013ci main\u0101s, un iz\u0161\u0137iro\u0161\u0101 deta\u013ca vienm\u0113r ir sp\u0113k\u0101 eso\u0161ais valsts likums. Minim\u0101l\u0101s algas zem\u0101k ir 2026. gada j\u016blija st\u0101voklis.<\/p>\n\n<figure class=\"wp-block-image size-full\"><img loading=\"lazy\" decoding=\"async\" width=\"1672\" height=\"941\" src=\"https:\/\/remato.com\/wp-content\/uploads\/2026\/08\/payroll-and-hours-in-construction_remato_1.png\" alt=\"Algas un stundas b&#x16B;vniec&#x12B;b&#x101; Remato 1\" class=\"wp-image-30939\" srcset=\"https:\/\/remato.com\/wp-content\/uploads\/2026\/08\/payroll-and-hours-in-construction_remato_1.png 1672w, https:\/\/remato.com\/wp-content\/uploads\/2026\/08\/payroll-and-hours-in-construction_remato_1-300x169.png 300w, https:\/\/remato.com\/wp-content\/uploads\/2026\/08\/payroll-and-hours-in-construction_remato_1-1024x576.png 1024w, https:\/\/remato.com\/wp-content\/uploads\/2026\/08\/payroll-and-hours-in-construction_remato_1-768x432.png 768w, https:\/\/remato.com\/wp-content\/uploads\/2026\/08\/payroll-and-hours-in-construction_remato_1-1536x864.png 1536w, https:\/\/remato.com\/wp-content\/uploads\/2026\/08\/payroll-and-hours-in-construction_remato_1-400x225.png 400w, https:\/\/remato.com\/wp-content\/uploads\/2026\/08\/payroll-and-hours-in-construction_remato_1-80x45.png 80w\" sizes=\"auto, (max-width: 1672px) 100vw, 1672px\" \/><\/figure>\n\n<h3 id=\"minimum-wage-statutory-july-2026\" class=\"wp-block-heading\">Minim\u0101l\u0101 alga (likum\u0101 noteikt\u0101, 2026. gada j\u016blijs)<\/h3>\n\n<figure class=\"wp-block-table\"><table class=\"has-fixed-layout\"><thead><tr><th>Valsts<\/th><th>Likum\u0101 noteiktais minimums<\/th><th>Piez\u012bmes<\/th><\/tr><\/thead><tbody><tr><td>Igaunija<\/td><td>~946 \u20ac\/m\u0113nes\u012b<\/td><td>Vienoju\u0161ies soci\u0101lie partneri<\/td><\/tr><tr><td>Polija<\/td><td>4806 PLN\/m\u0113nes\u012b (~1139 \u20ac)<\/td><td>Fiks\u0113ts kalend\u0101ra gadam, bez izmai\u0146\u0101m gada vid\u016b<\/td><\/tr><tr><td>N\u012bderlande<\/td><td>14,99 \u20ac\/stund\u0101 (no 1. j\u016blija)<\/td><td>Tikai stundas likme kop\u0161 2024. gada; ~2600 \u20ac\/m\u0113n. pie 40 stund\u0101m; atk\u0101rtoti indeks\u0113ts janv\u0101r\u012b un j\u016blij\u0101<\/td><\/tr><tr><td>Sp\u0101nija<\/td><td>1221 \u20ac\/m\u0113nes\u012b \u00d7 14 maks\u0101jumi (~1424 \u20ac\/m\u0113n., 12 maks\u0101jumu ekvivalents)<\/td><td>Karaliskais dekr\u0113ts; Darba likuma 27. pants<\/td><\/tr><tr><td>Grie\u0137ija<\/td><td>920 \u20ac\/m\u0113nes\u012b \u00d7 14 maks\u0101jumi (~1073 \u20ac\/m\u0113n., 12 maks\u0101jumu ekvivalents)<\/td><td>Paaugstin\u0101ts 2026. gada 1. apr\u012bl\u012b; m\u0113r\u0137is ~950 \u20ac l\u012bdz 2027. gadam<\/td><\/tr><tr><td>Somija<\/td><td><strong>Nav<\/strong><\/td><td>B\u016bvniec\u012bbas Kopl\u012bgums nosaka algu<\/td><\/tr><tr><td>Norv\u0113\u0123ija<\/td><td><strong>Nav<\/strong><\/td><td>EEZ; b\u016bvniec\u012bbas Kopl\u012bgums, visp\u0101rsaisto\u0161s (<em>allmenngj\u00f8ring<\/em>)<\/td><\/tr><\/tbody><\/table><\/figure>\n\n<h3 id=\"time-recording-regime\" class=\"wp-block-heading\">Laika uzskaites re\u017e\u012bms<\/h3>\n\n<figure class=\"wp-block-table\"><table class=\"has-fixed-layout\"><thead><tr><th>Valsts<\/th><th>Re\u017e\u012bms<\/th><th>Raksturs<\/th><\/tr><\/thead><tbody><tr><td>Igaunija<\/td><td>Uzskaite saska\u0146\u0101 ar Darba l\u012bgumu likumu<\/td><td>Standarta uzskaite; virsstundas re\u0123istr\u0113tas<\/td><\/tr><tr><td>Polija<\/td><td><em>Ewidencja czasu pracy<\/em> (Darba kodekss)<\/td><td>Darba laika uzskaite katram darbiniekam<\/td><\/tr><tr><td>N\u012bderlande<\/td><td>Darba laika likums (<em>Arbeidstijdenwet<\/em>)<\/td><td>Prec\u012bza stundu un atp\u016btas uzskaite Inspekcijai<\/td><\/tr><tr><td>Sp\u0101nija<\/td><td><em>Registro de jornada<\/em><\/td><td>Oblig\u0101ta ikdienas uzskaite; glab\u0101ta 4 gadus; pieejama inspektoriem un arodbiedr\u012bb\u0101m<\/td><\/tr><tr><td>Grie\u0137ija<\/td><td>Ergani II digit\u0101l\u0101 darba karte<\/td><td>Re\u0101llaika elektronisk\u0101 re\u0123istr\u0113\u0161an\u0101s\/izrakst\u012b\u0161an\u0101s valsts platform\u0101<\/td><\/tr><tr><td>Somija<\/td><td><em>Ty\u00f6aikakirjanpito<\/em> (Darba laika likums)<\/td><td>Darba stundu uzskaite katram darbiniekam<\/td><\/tr><tr><td>Norv\u0113\u0123ija<\/td><td>Darba vides likums \u00a710-7<\/td><td>Darba laika p\u0101rskats pieejams Darba inspekcijai<\/td><\/tr><\/tbody><\/table><\/figure>\n\n<h3 id=\"subcontractor-chain-liability-depth\" class=\"wp-block-heading\">Apak\u0161uz\u0146\u0113m\u0113js \/ \u0137\u0113des atbild\u012bbas dzi\u013cums<\/h3>\n\n<figure class=\"wp-block-table\"><table class=\"has-fixed-layout\"><thead><tr><th>Valsts<\/th><th>Dzi\u013cums<\/th><th>Instruments<\/th><\/tr><\/thead><tbody><tr><td>Igaunija<\/td><td>Ap ES minimumu (vienu soli augst\u0101k nor\u012bkotiem darbiniekiem)<\/td><td>Nor\u012bkoto darbinieku direkt\u012bvas transpon\u0113\u0161ana<\/td><\/tr><tr><td>Polija<\/td><td>Investora \/ \u0123ener\u0101luz\u0146\u0113m\u0113ja atbild\u012bba par apak\u0161uz\u0146\u0113m\u0113ja atl\u012bdz\u012bbu<\/td><td>Civillikums + Nor\u012bkoto darbinieku direkt\u012bvas transpon\u0113\u0161ana<\/td><\/tr><tr><td>N\u012bderlande<\/td><td>Dzi\u013ca \u0137\u0113des atbild\u012bba<\/td><td>WKA (nodok\u013ci\/iemaksas) + WAS (algas)<\/td><\/tr><tr><td>Sp\u0101nija<\/td><td>Solid\u0101ra atbild\u012bba, ar l\u012bme\u0146u ierobe\u017eojumiem<\/td><td>Darba likuma 42. pants + Likums 32\/2006<\/td><\/tr><tr><td>Grie\u0137ija<\/td><td>Solid\u0101ra atbild\u012bba par apak\u0161uz\u0146\u0113m\u0113ja algas\/iemaksu saist\u012bb\u0101m<\/td><td>Civilties\u012bbas\/darba ties\u012bbas + Nor\u012bkoto darbinieku direkt\u012bvas transpon\u0113\u0161ana<\/td><\/tr><tr><td>Somija<\/td><td>Pien\u0101c\u012bgas r\u016bp\u012bbas pien\u0101kumi iesaist\u012btajai pusei<\/td><td>L\u012bgumsl\u0113dz\u0113ja pien\u0101kumu likums (<em>tilaajavastuulaki<\/em>)<\/td><\/tr><tr><td>Norv\u0113\u0123ija<\/td><td>Solid\u0101ra atbild\u012bba par alg\u0101m saska\u0146\u0101 ar saisto\u0161iem kopl\u012bgumiem<\/td><td><em>Solidaransvar<\/em><\/td><\/tr><\/tbody><\/table><\/figure>\n\n<h3 id=\"retention-cross-border-notes-verify-locally\" class=\"wp-block-heading\">Glab\u0101\u0161ana un p\u0101rrobe\u017eu piez\u012bmes (p\u0101rbaud\u012bt lok\u0101li)<\/h3>\n\n<figure class=\"wp-block-table\"><table class=\"has-fixed-layout\"><thead><tr><th>Valsts<\/th><th>Ierakstu glab\u0101\u0161ana (tipiski)<\/th><th>Nor\u012bko\u0161ana \/ pazi\u0146o\u0161anas pamatprincipi<\/th><\/tr><\/thead><tbody><tr><td>Igaunija<\/td><td>~3\u20137 gadi (algas ilg\u0101k)<\/td><td>A1 + pazi\u0146ojums par nor\u012bko\u0161anu darba iest\u0101dei<\/td><\/tr><tr><td>Polija<\/td><td>Person\u0101la\/algu uzskaite l\u012bdz ~10 gadiem<\/td><td>A1 + pazi\u0146ojums Valsts darba inspekcijai (PIP)<\/td><\/tr><tr><td>N\u012bderlande<\/td><td>Parasti ~5\u20137 gadi (algas\/nodok\u013ci)<\/td><td>A1 + tie\u0161saistes pazi\u0146ojums par nor\u012bko\u0161anu (meldloket)<\/td><\/tr><tr><td>Sp\u0101nija<\/td><td>Laika uzskaite <strong>4 gadi<\/strong>; algas ilg\u0101k<\/td><td>A1 + pazi\u0146ojums re\u0123ion\u0101lajai darba iest\u0101dei<\/td><\/tr><tr><td>Grie\u0137ija<\/td><td>Saska\u0146ots ar Ergani\/algu noteikumiem<\/td><td>A1 + E-deklar\u0101cijas caur Ergani<\/td><\/tr><tr><td>Somija<\/td><td>Darba laika uzskaite ~2 gadi; algas ilg\u0101k<\/td><td>A1 + pazi\u0146ojums darba dro\u0161\u012bbas iest\u0101dei; <em>tilaajavastuu<\/em> p\u0101rbaudes<\/td><\/tr><tr><td>Norv\u0113\u0123ija<\/td><td>Parasti vair\u0101ki gadi<\/td><td>A1\/nor\u012bko\u0161anas re\u0123istr\u0101cija (Altinn); RF-1199 uzdevumu zi\u0146o\u0161ana<\/td><\/tr><\/tbody><\/table><\/figure>\n\n<p class=\"wp-block-paragraph\"><em>(Glab\u0101\u0161anas un pazi\u0146o\u0161anas specifika main\u0101s un at\u0161\u0137iras atkar\u012bb\u0101 no dokumenta veida \u2013 vienm\u0113r apstipriniet pa\u0161reiz\u0113j\u0101s valsts pras\u012bbas katram ierakstam.)<\/em><\/p>\n\n<h2 id=\"conclusion\" class=\"wp-block-heading\">Secin\u0101jums<\/h2>\n\n<p class=\"wp-block-paragraph\">Ja no \u0161\u012b ce\u013cve\u017ea pa\u0146emat tikai da\u017eas lietas, tad pa\u0146emiet \u0161\u012bs.<\/p>\n\n<p class=\"wp-block-paragraph\"><strong>Noteikumi ir daudzsl\u0101\u0146aini, un jums j\u0101zina, kur\u0161 sl\u0101nis regul\u0113 katru darbinieku:<\/strong> ES direkt\u012bvas minimums, valsts ties\u012bbu akti, kas to \u012bsteno un bie\u017ei vien p\u0101rsniedz, un b\u016bvniec\u012bbas kopl\u012bgums \u2013 bie\u017ei vien visp\u0101rsaisto\u0161s \u2013, kas nosaka re\u0101l\u0101s algas likmes un nosac\u012bjumus. Jaut\u0101juma \u201ckura noteikumi attiecas uz \u0161o darbinieku, \u0161aj\u0101 objekt\u0101, \u0161aj\u0101 valst\u012b?\u201d atrisin\u0101\u0161ana ir pirmais solis katru reizi.<\/p>\n\n<p class=\"wp-block-paragraph\"><strong>Jums ir j\u0101re\u0123istr\u0113 stundas un j\u0101sp\u0113j t\u0101s pier\u0101d\u012bt.<\/strong> Kop\u0161 2019. gada <em>CCOO<\/em> sprieduma tas ir noteikts vis\u0101 ES un EEZ: ikdienas, uzticami, izg\u016bstami ieraksti katram darbiniekam, ar pier\u0101d\u012b\u0161anas pien\u0101kumu jums. Grie\u0137ij\u0101 un Sp\u0101nij\u0101 valsts sagaida re\u0101llaika vai ikdienas digit\u0101los ierakstus; visur ierakstu tr\u016bkums darbojas pret jums.<\/p>\n\n<p class=\"wp-block-paragraph\"><strong>Alga ir vair\u0101k nek\u0101 stundas likme.<\/strong> Virsstundu slieksnis, kas tiek ieskait\u012bts minim\u0101laj\u0101 alg\u0101, atva\u013cin\u0101juma apmaksa un nozares fonda iemaksas, k\u0101 ar\u012b darba dev\u0113ja sloga likme ir t\u0101s jomas, kur\u0101s paties\u012bb\u0101 past\u0101v atbilst\u012bba un pareiza pied\u0101v\u0101jumu veido\u0161ana.<\/p>\n\n<p class=\"wp-block-paragraph\"><strong>B\u016bvniec\u012bb\u0101 j\u016bs esat pak\u013cauti zem\u0101k eso\u0161o uz\u0146\u0113mumu neveiksm\u0113m \u0137\u0113d\u0113.<\/strong> Solid\u0101ra atbild\u012bba par apak\u0161uz\u0146\u0113m\u0113ja nesamaks\u0101taj\u0101m alg\u0101m un iemaks\u0101m ir re\u0101la, bie\u017ei vien nav izsl\u0113dzama ar l\u012bgumu, un j\u016bsu aizsardz\u012bba ir dokument\u0113ta, nep\u0101rtraukta pien\u0101c\u012bga r\u016bp\u012bba \u2013 nevis klauzula.<\/p>\n\n<p class=\"wp-block-paragraph\">Izveidojiet sist\u0113mu, kas rada atbilsto\u0161us ierakstus k\u0101 norm\u0101la darba blakusproduktu, turiet valstu \u201c\u0161pikerus\u201d tuvum\u0101 viet\u0101m, kur\u0101s darbojaties, un apstipriniet specifiku lok\u0101li, pirms uz t\u0101m pa\u013caujaties. Dariet to, un stundu un algu atbilst\u012bba vairs neb\u016bs tas, kas ne\u013cauj jums gul\u0113t, bet k\u013c\u016bs par v\u0113l vienu da\u013cu no labi paveikta darba.<\/p>\n\n<p class=\"wp-block-paragraph\"><\/p>\n\n<h2 id=\"appendix-official-sources-and-further-reading\" class=\"wp-block-heading\">Pielikums: Ofici\u0101lie avoti un papildu literat\u016bra<\/h2>\n\n<p class=\"wp-block-paragraph\">Katra saite nor\u0101da uz ofici\u0101lu ES iest\u0101di vai valsts vald\u012bbas\/darba iest\u0101di. Ja dzi\u013c\u0101 saite ir p\u0101rvietota, s\u0101ciet no iest\u0101des s\u0101kuma dom\u0113na.<\/p>\n\n<p class=\"wp-block-paragraph\"><strong>Eiropas direkt\u012bvas (pilns teksts EUR-Lex)<\/strong><\/p>\n\n<ul class=\"wp-block-list\">\n<li><a href=\"https:\/\/eur-lex.europa.eu\/legal-content\/EN\/TXT\/?uri=CELEX:32003L0088\" target=\"_blank\" rel=\"noopener\">Darba laika direkt\u012bva \u2013 2003\/88\/EK<\/a><\/li>\n\n\n\n<li><a href=\"https:\/\/eur-lex.europa.eu\/legal-content\/EN\/TXT\/?uri=CELEX:31996L0071\" target=\"_blank\" rel=\"noopener\">Nor\u012bkoto darbinieku direkt\u012bva \u2013 96\/71\/EK<\/a><\/li>\n\n\n\n<li><a href=\"https:\/\/eur-lex.europa.eu\/legal-content\/EN\/TXT\/?uri=CELEX:32018L0957\" target=\"_blank\" rel=\"noopener\">Nor\u012bko\u0161anas direkt\u012bvas p\u0101rskat\u012b\u0161ana \u2013 (ES) 2018\/957<\/a><\/li>\n\n\n\n<li><a href=\"https:\/\/eur-lex.europa.eu\/legal-content\/EN\/TXT\/?uri=CELEX:32014L0067\" target=\"_blank\" rel=\"noopener\">Izpildes direkt\u012bva (apak\u0161uz\u0146\u0113m\u0113ju atbild\u012bba, 12. pants) \u2013 2014\/67\/ES<\/a><\/li>\n\n\n\n<li><a href=\"https:\/\/eur-lex.europa.eu\/legal-content\/EN\/TXT\/?uri=CELEX:32022L2041\" target=\"_blank\" rel=\"noopener\">Direkt\u012bva par adekv\u0101t\u0101m minim\u0101laj\u0101m alg\u0101m \u2013 (ES) 2022\/2041<\/a><\/li>\n\n\n\n<li><a href=\"https:\/\/eur-lex.europa.eu\/legal-content\/EN\/TXT\/?uri=CELEX:32023L0970\" target=\"_blank\" rel=\"noopener\">Algu p\u0101rredzam\u012bbas direkt\u012bva \u2013 (ES) 2023\/970<\/a><\/li>\n\n\n\n<li><a href=\"https:\/\/eur-lex.europa.eu\/legal-content\/EN\/TXT\/?uri=CELEX:32019L1152\" target=\"_blank\" rel=\"noopener\">Direkt\u012bva par p\u0101rredzamiem un prognoz\u0113jamiem darba apst\u0101k\u013ciem \u2013 (ES) 2019\/1152<\/a><\/li>\n<\/ul>\n\n<p class=\"wp-block-paragraph\"><strong>ES l\u012bme\u0146a ofici\u0101lie port\u0101li<\/strong><\/p>\n\n<ul class=\"wp-block-list\">\n<li><a href=\"https:\/\/europa.eu\/youreurope\/business\/human-resources\/cross-border-posted-workers\/posting-staff-abroad\/index_en.htm\" target=\"_blank\" rel=\"noopener\">Darbinieku nor\u012bko\u0161ana uz \u0101rvalst\u012bm \u2013 darba dev\u0113ja pien\u0101kumi (J\u016bsu Eiropa)<\/a><\/li>\n\n\n\n<li><a href=\"https:\/\/www.ela.europa.eu\/en\/topics\/posting-workers\" target=\"_blank\" rel=\"noopener\">Darbinieku nor\u012bko\u0161ana (Eiropas Darba iest\u0101de)<\/a><\/li>\n\n\n\n<li><a href=\"https:\/\/employment-social-affairs.ec.europa.eu\/policies-and-activities\/rights-work\/health-and-safety-work\/senior-labour-inspectors-committee-0\/labour-inspectorates-eu_en\" target=\"_blank\" rel=\"noopener\">Valstu darba inspekciju direktorijs (Eiropas Komisija)<\/a><\/li>\n\n\n\n<li><a href=\"https:\/\/ec.europa.eu\/eurostat\/statistics-explained\/index.php?title=Minimum_wage_statistics\" target=\"_blank\" rel=\"noopener\">Minim\u0101l\u0101s algas statistika (Eurostat)<\/a><\/li>\n<\/ul>\n\n<p class=\"wp-block-paragraph\"><strong>Valstu iest\u0101des un noteikumi<\/strong><\/p>\n\n<ul class=\"wp-block-list\">\n<li><strong>Igaunija<\/strong> \u2013 <a href=\"https:\/\/www.tooelu.ee\/en\/24\/working-time\" target=\"_blank\" rel=\"noopener\">T\u00f6\u00f6elu, darba laika noteikumi (T\u00f6\u00f6inspektsioon)<\/a><\/li>\n\n\n\n<li><strong>Polija<\/strong> \u2013 <a href=\"https:\/\/pip.gov.pl\" target=\"_blank\" rel=\"noopener\">Pa\u0144stwowa Inspekcja Pracy (PIP)<\/a><\/li>\n\n\n\n<li><strong>N\u012bderlande<\/strong> \u2013 <a href=\"https:\/\/business.gov.nl\/staff\/hiring-and-secondment\/posting-workers-inside-the-eu\/\" target=\"_blank\" rel=\"noopener\">Darbinieku nor\u012bko\u0161ana (Business.gov.nl)<\/a><\/li>\n\n\n\n<li><strong>Sp\u0101nija<\/strong> \u2013 <a href=\"https:\/\/administracion.gob.es\/pag_Home\/en\/Tu-espacio-europeo\/derechos-obligaciones\/empresas\/empleados\/desplazados\/laboral.html\" target=\"_blank\" rel=\"noopener\">Nor\u012bkotie darbinieki un Ley 45 deklar\u0101ciju port\u0101ls<\/a><\/li>\n\n\n\n<li><strong>Grie\u0137ija<\/strong> \u2013 <a href=\"https:\/\/ergani.gov.gr\" target=\"_blank\" rel=\"noopener\">Neatkar\u012bg\u0101 darba inspekcija un ERGANI platforma<\/a><\/li>\n\n\n\n<li><strong>Somija<\/strong> \u2013 <a href=\"https:\/\/tyosuojelu.fi\/en\/employment-relationship\/working-hours\" target=\"_blank\" rel=\"noopener\">Darba dro\u0161\u012bbas un vesel\u012bbas administr\u0101cija, darba laiks un uzskaite<\/a><\/li>\n\n\n\n<li><strong>Norv\u0113\u0123ija<\/strong> \u2013 <a href=\"https:\/\/www.arbeidstilsynet.no\/en\/pay-and-engagement-of-employees\/pay-and-minimum-rates-of-pay\/minimum-wage\/\" target=\"_blank\" rel=\"noopener\">Arbeidstilsynet, minim\u0101l\u0101 alga regul\u0113taj\u0101s nozar\u0113s<\/a><\/li>\n\n\n\n<li><strong>V\u0101cija (SOKA-BAU \/ nor\u012bko\u0161anas atva\u013cin\u0101juma fonds)<\/strong> \u2013 <a href=\"https:\/\/www.zoll.de\/EN\/Businesses\/Work\/Foreign-domiciled-employers-posting\/Minimum-conditions-of-employment\/Holiday-fund-procedures\/holiday-fund-procedures_node.html\" target=\"_blank\" rel=\"noopener\">V\u0101cijas muita (Zoll), atva\u013cin\u0101juma fonda proced\u016bras nor\u012bkotiem darbiniekiem<\/a><\/li>\n<\/ul>\n","protected":false},"excerpt":{"rendered":"<p>B\u016bvniec\u012bbas algu apr\u0113\u0137ins reti kad ir tikai stundu reizin\u0101\u0161ana ar stundas likmi. Vien\u0101 projekt\u0101 var b\u016bt iesaist\u012bts klients, galvenais darbuz\u0146\u0113m\u0113js, vair\u0101ki apak\u0161uz\u0146\u0113m\u0113ju l\u012bme\u0146i, darbasp\u0113ka a\u0123ent\u016bras, viet\u0113jie darbinieki, nor\u012bkotie darbinieki un pa\u0161nodarbin\u0101tas personas. \u0160ie darbinieki var p\u0101rvietoties starp objektiem, str\u0101d\u0101t neregul\u0101rus grafikus, sa\u0146emt da\u017e\u0101du veidu piemaksas un uz vi\u0146iem var attiekties b\u016bvniec\u012bbas nozares kopl\u012bgumi, kas nodro\u0161ina [&hellip;]<\/p>\n","protected":false},"author":15,"featured_media":30955,"comment_status":"closed","ping_status":"open","sticky":false,"template":"","format":"standard","meta":{"_acf_changed":false,"footnotes":""},"categories":[248,275],"tags":[],"class_list":["post-30954","post","type-post","status-publish","format-standard","has-post-thumbnail","hentry","category-celvezi-un-ieskats","category-juridiskie-jautajumi-un-atbilstiba"],"acf":[],"metadata":{"blog_post_read_time":"25 min las\u012bt"},"category_objects":[{"term_id":248,"name":"Ce\u013cve\u017ei un ieskats","slug":"celvezi-un-ieskats","term_group":0,"term_taxonomy_id":248,"taxonomy":"category","description":"","parent":0,"count":51,"filter":"raw","cat_ID":248,"category_count":51,"category_description":"","cat_name":"Ce\u013cve\u017ei un ieskats","category_nicename":"celvezi-un-ieskats","category_parent":0},{"term_id":275,"name":"Juridiskie jaut\u0101jumi un atbilst\u012bba","slug":"juridiskie-jautajumi-un-atbilstiba","term_group":0,"term_taxonomy_id":275,"taxonomy":"category","description":"","parent":0,"count":6,"filter":"raw","cat_ID":275,"category_count":6,"category_description":"","cat_name":"Juridiskie jaut\u0101jumi un atbilst\u012bba","category_nicename":"juridiskie-jautajumi-un-atbilstiba","category_parent":0}],"image":{"low-res":{"url":"https:\/\/remato.com\/wp-content\/uploads\/2026\/08\/hours-and-payroll-_-construction_remato_2-80x53.jpg","width":80,"height":53,"alt":"Stundas un algas b\u016bvniec\u012bba Remato 2"},"thumbnail":{"url":"https:\/\/remato.com\/wp-content\/uploads\/2026\/08\/hours-and-payroll-_-construction_remato_2-150x150.jpg","width":150,"height":150,"alt":"Stundas un algas b\u016bvniec\u012bba Remato 2"},"medium_large":{"url":"https:\/\/remato.com\/wp-content\/uploads\/2026\/08\/hours-and-payroll-_-construction_remato_2-768x512.jpg","width":768,"height":512,"alt":"Stundas un algas b\u016bvniec\u012bba Remato 2"},"large":{"url":"https:\/\/remato.com\/wp-content\/uploads\/2026\/08\/hours-and-payroll-_-construction_remato_2-1024x682.jpg","width":1024,"height":682,"alt":"Stundas un algas b\u016bvniec\u012bba Remato 2"}},"excerpt_raw":"","formatted_date":"August 19, 2026","_links":{"self":[{"href":"https:\/\/remato.com\/lv\/wp-json\/wp\/v2\/posts\/30954","targetHints":{"allow":["GET"]}}],"collection":[{"href":"https:\/\/remato.com\/lv\/wp-json\/wp\/v2\/posts"}],"about":[{"href":"https:\/\/remato.com\/lv\/wp-json\/wp\/v2\/types\/post"}],"author":[{"embeddable":true,"href":"https:\/\/remato.com\/lv\/wp-json\/wp\/v2\/users\/15"}],"replies":[{"embeddable":true,"href":"https:\/\/remato.com\/lv\/wp-json\/wp\/v2\/comments?post=30954"}],"version-history":[{"count":1,"href":"https:\/\/remato.com\/lv\/wp-json\/wp\/v2\/posts\/30954\/revisions"}],"predecessor-version":[{"id":30956,"href":"https:\/\/remato.com\/lv\/wp-json\/wp\/v2\/posts\/30954\/revisions\/30956"}],"wp:featuredmedia":[{"embeddable":true,"href":"https:\/\/remato.com\/lv\/wp-json\/wp\/v2\/media\/30955"}],"wp:attachment":[{"href":"https:\/\/remato.com\/lv\/wp-json\/wp\/v2\/media?parent=30954"}],"wp:term":[{"taxonomy":"category","embeddable":true,"href":"https:\/\/remato.com\/lv\/wp-json\/wp\/v2\/categories?post=30954"},{"taxonomy":"post_tag","embeddable":true,"href":"https:\/\/remato.com\/lv\/wp-json\/wp\/v2\/tags?post=30954"}],"curies":[{"name":"wp","href":"https:\/\/api.w.org\/{rel}","templated":true}]}}